{"id":16991,"date":"2021-06-29T01:22:48","date_gmt":"2021-06-29T01:22:48","guid":{"rendered":"https:\/\/oparanews.com.br\/?p=16991"},"modified":"2021-06-29T01:22:48","modified_gmt":"2021-06-29T01:22:48","slug":"mbappe-perde-penalti-suica-supera-a-franca-e-avanca-na-euro","status":"publish","type":"post","link":"https:\/\/www.oparanews.com.br\/index.php\/2021\/06\/29\/mbappe-perde-penalti-suica-supera-a-franca-e-avanca-na-euro\/","title":{"rendered":"Mbapp\u00e9 perde p\u00eanalti, Su\u00ed\u00e7a supera a Fran\u00e7a e avan\u00e7a na Euro"},"content":{"rendered":"<p>Nesta segunda-feira, a Fran\u00e7a e a Su\u00ed\u00e7a se enfrentaram na National Arena, na cidade de Bucareste, pelas oitavas de final da Eurocopa. O confronto, no tempo normal, terminou em empate por 3 a 3, com a Fran\u00e7a marcando com Benzema (duas vezes) e Pogba, enquanto a Su\u00ed\u00e7a balan\u00e7ou as redes com Seferovic (duas vezes) e Gavranovic. Nos p\u00eanaltis, a vit\u00f3ria ficou com os su\u00ed\u00e7os, por 5 a 4, depois de Mbapp\u00e9 desperdi\u00e7ar a \u00faltima cobran\u00e7a dos franceses.<\/p>\n<p>No in\u00edcio da partida desta segunda-feira, a Su\u00ed\u00e7a contrariou as expectativas geradas anteriormente, e conseguiu sair na frente do placar. Aos quinze minutos de jogo, Steven Zuber achou a assist\u00eancia para o atacante Haris Seferovic marcar para os su\u00ed\u00e7os.<\/p>\n<p>A Su\u00ed\u00e7a conseguia controlar a sua vit\u00f3ria parcial durante a primeira etapa, e obteve uma grande chance de ampliar a vantagem no segundo tempo. Aos oito minutos, um p\u00eanalti foi assinalado em Zuber, mas Ricardo Rodr\u00edguez n\u00e3o converteu a penalidade.<\/p>\n<p>Logo depois da defesa de Hugo Lloris na cobran\u00e7a de Ricardo Rodr\u00edguez, os franceses conseguiram crescer na partida, indo diretamente ao ataque. Dois minutos ap\u00f3s o p\u00eanalti, Karim Benzema deixou tudo igual para a Fran\u00e7a. Em seguida, com catorze minutos, o atacante marcou novamente, virando o jogo.<\/p>\n<p>A Fran\u00e7a decidiu controlar a partida ap\u00f3s se empolgar com a virada, e seguiu no campo ofensivo para pressionar a Su\u00ed\u00e7a. Dessa forma, aos 30 minutos da segunda etapa, Paul Pogba achou espa\u00e7o para encontrar um chute forte, marcando o terceiro dos franceses.<\/p>\n<p>Rea\u00e7\u00e3o su\u00ed\u00e7a &#8211; Perto do final do tempo normal da partida, os su\u00ed\u00e7os decidiram fazer uma das maiores partidas de sua hist\u00f3ria. A National Arena viu, aos 36 minutos, Seferovic diminuir e, aos 46 minutos, j\u00e1 nos acr\u00e9scimos, o empate chegar com gol de Gavranovic.<\/p>\n<p>O empate continuou na prorroga\u00e7\u00e3o e, com isso, a partida foi para a disputa de p\u00eanaltis. Nas cobran\u00e7as, Gavranovic, Schar, Akanji, Vargas e Mehmedi converteram para a Su\u00ed\u00e7a, enquanto Pogba, Giroud, Thuram e Kimpembe converteram para a Fran\u00e7a. Mbapp\u00e9, por\u00e9m, perdeu o p\u00eanalti decisivo, e a Su\u00ed\u00e7a classificou-se para as quartas de final.<\/p>\n<p>Com a classifica\u00e7\u00e3o, a sele\u00e7\u00e3o su\u00ed\u00e7a enfrenta a Espanha \u00e0s 13h (de Bras\u00edlia) desta sexta-feira na Gazprom Arena, em S\u00e3o Petesburgo, pelas quartas de final. A Fran\u00e7a por sua vez, despede-se da Eurocopa.<\/p>\n<p>&nbsp;<\/p>\n<p><strong>Fonte: Lance<\/strong><\/p>\n<p>&nbsp;<\/p>\n","protected":false},"excerpt":{"rendered":"<p>Nesta segunda-feira, a Fran\u00e7a e a Su\u00ed\u00e7a se enfrentaram na National Arena, na cidade de Bucareste, pelas oitavas de final da Eurocopa. O confronto, no tempo normal, terminou em empate por 3 a 3, com a Fran\u00e7a marcando com Benzema (duas vezes) e Pogba, enquanto a Su\u00ed\u00e7a balan\u00e7ou as redes com Seferovic (duas vezes) e &hellip;<\/p>\n","protected":false},"author":1,"featured_media":16992,"comment_status":"closed","ping_status":"closed","sticky":false,"template":"","format":"standard","meta":{"_jetpack_newsletter_access":"","_jetpack_dont_email_post_to_subs":false,"_jetpack_newsletter_tier_id":0,"_jetpack_memberships_contains_paywalled_content":false,"_jetpack_memberships_contains_paid_content":false,"footnotes":""},"categories":[1],"tags":[],"class_list":["post-16991","post","type-post","status-publish","format-standard","has-post-thumbnail","hentry","category-destaque"],"jetpack_sharing_enabled":true,"jetpack_featured_media_url":"","_links":{"self":[{"href":"https:\/\/www.oparanews.com.br\/index.php\/wp-json\/wp\/v2\/posts\/16991","targetHints":{"allow":["GET"]}}],"collection":[{"href":"https:\/\/www.oparanews.com.br\/index.php\/wp-json\/wp\/v2\/posts"}],"about":[{"href":"https:\/\/www.oparanews.com.br\/index.php\/wp-json\/wp\/v2\/types\/post"}],"author":[{"embeddable":true,"href":"https:\/\/www.oparanews.com.br\/index.php\/wp-json\/wp\/v2\/users\/1"}],"replies":[{"embeddable":true,"href":"https:\/\/www.oparanews.com.br\/index.php\/wp-json\/wp\/v2\/comments?post=16991"}],"version-history":[{"count":0,"href":"https:\/\/www.oparanews.com.br\/index.php\/wp-json\/wp\/v2\/posts\/16991\/revisions"}],"wp:attachment":[{"href":"https:\/\/www.oparanews.com.br\/index.php\/wp-json\/wp\/v2\/media?parent=16991"}],"wp:term":[{"taxonomy":"category","embeddable":true,"href":"https:\/\/www.oparanews.com.br\/index.php\/wp-json\/wp\/v2\/categories?post=16991"},{"taxonomy":"post_tag","embeddable":true,"href":"https:\/\/www.oparanews.com.br\/index.php\/wp-json\/wp\/v2\/tags?post=16991"}],"curies":[{"name":"wp","href":"https:\/\/api.w.org\/{rel}","templated":true}]}}