{"id":17001,"date":"2021-06-29T01:37:31","date_gmt":"2021-06-29T01:37:31","guid":{"rendered":"https:\/\/oparanews.com.br\/?p=17001"},"modified":"2021-06-29T01:37:31","modified_gmt":"2021-06-29T01:37:31","slug":"brasil-tem-mais-27-804-casos-e-618-mortes-por-covid-19","status":"publish","type":"post","link":"https:\/\/www.oparanews.com.br\/index.php\/2021\/06\/29\/brasil-tem-mais-27-804-casos-e-618-mortes-por-covid-19\/","title":{"rendered":"Brasil tem mais 27.804 casos e 618 mortes por covid-19"},"content":{"rendered":"<p>O Brasil registrou mais 618 mortes nesta segunda-feira, 28, elevando para 514.092 a quantidade de v\u00edtimas da pandemia de covid-19, informou o Conselho Nacional de Secret\u00e1rios de Sa\u00fade (Conass).<\/p>\n<p>No \u00faltimo per\u00edodo de 24 horas, o Pa\u00eds contabilizou 18.448.402 casos do novo coronav\u00edrus, com o acr\u00e9scimo de 27.804 diagn\u00f3sticos positivos.<\/p>\n<p>Os n\u00fameros dos domingos e das segundas-feiras costumam ser mais baixos do que os demais dias da semana por conta da baixa notifica\u00e7\u00e3o das secretarias de sa\u00fade estaduais.<\/p>\n<p>As m\u00e9dias m\u00f3veis dos \u00faltimos sete dias, por\u00e9m, continuam caindo e est\u00e3o em 68.796 contamina\u00e7\u00f5es di\u00e1rias e em 1.644 \u00f3bitos por dia. A taxa de letalidade se mant\u00e9m em 2,8%, com a de mortalidade em 244,6 a cada 100 mil habitantes.<\/p>\n<p>O Estado de S\u00e3o Paulo \u00e9 o mais afetado pela emerg\u00eancia sanit\u00e1ria e tem o maior n\u00famero de casos quando analisados os dados absolutos, com 3.700.378. Os paulistas s\u00e3o seguidos por Minas Gerais (1.788.725), Paran\u00e1 (1.274.017), Rio Grande do Sul (1.210.224) e Bahia (1.120.408).<\/p>\n<p>Nas mortes, S\u00e3o Paulo tamb\u00e9m tem os maiores valores totais, com 126.112 v\u00edtimas. Na sequ\u00eancia, aparece o Rio de Janeiro (55.195), Minas Gerais (45.924), Rio Grande do Sul (31.158) e Paran\u00e1 (30.451).<\/p>\n<p><strong>Cons\u00f3rcio de Imprensa<\/strong><\/p>\n<p>O Brasil registrou 658 novos \u00f3bitos por covid-19 nas \u00faltimas 24 horas, segundo dados reunidos e divulgados pelo cons\u00f3rcio de ve\u00edculos de imprensa. Com isso, o total de v\u00edtimas da doen\u00e7a desde o in\u00edcio da pandemia no Pa\u00eds chegou a 514.202.<\/p>\n<p>A m\u00e9dia m\u00f3vel de mortes causadas pela covid-19 ficou em 1.626 nesta segunda-feira, 28. O n\u00famero, que considera os registros dos \u00faltimos sete dias, representa uma queda de 18% na compara\u00e7\u00e3o com o dado de 14 dias atr\u00e1s. \u00c9 a menor m\u00e9dia registrada desde 9 de mar\u00e7o. Especialistas t\u00eam alertado para o alto risco que a pandemia continua a impor ao Pa\u00eds.<\/p>\n<p>Os dados di\u00e1rios do Brasil s\u00e3o do cons\u00f3rcio de ve\u00edculos de imprensa formado por Estad\u00e3o, G1, O Globo, Extra, Folha e UOL em parceria com 27 secretarias estaduais de Sa\u00fade, em balan\u00e7o divulgado \u00e0s 20h.<\/p>\n<p>&nbsp;<\/p>\n<p><strong>com informa\u00e7\u00f5es do Estad\u00e3o Conte\u00fado<\/strong><\/p>\n<p>&nbsp;<\/p>\n","protected":false},"excerpt":{"rendered":"<p>O Brasil registrou mais 618 mortes nesta segunda-feira, 28, elevando para 514.092 a quantidade de v\u00edtimas da pandemia de covid-19, informou o Conselho Nacional de Secret\u00e1rios de Sa\u00fade (Conass). No \u00faltimo per\u00edodo de 24 horas, o Pa\u00eds contabilizou 18.448.402 casos do novo coronav\u00edrus, com o acr\u00e9scimo de 27.804 diagn\u00f3sticos positivos. Os n\u00fameros dos domingos e &hellip;<\/p>\n","protected":false},"author":1,"featured_media":17002,"comment_status":"closed","ping_status":"closed","sticky":false,"template":"","format":"standard","meta":{"_jetpack_newsletter_access":"","_jetpack_dont_email_post_to_subs":false,"_jetpack_newsletter_tier_id":0,"_jetpack_memberships_contains_paywalled_content":false,"_jetpack_memberships_contains_paid_content":false,"footnotes":""},"categories":[1],"tags":[],"class_list":["post-17001","post","type-post","status-publish","format-standard","has-post-thumbnail","hentry","category-destaque"],"jetpack_sharing_enabled":true,"jetpack_featured_media_url":"","_links":{"self":[{"href":"https:\/\/www.oparanews.com.br\/index.php\/wp-json\/wp\/v2\/posts\/17001","targetHints":{"allow":["GET"]}}],"collection":[{"href":"https:\/\/www.oparanews.com.br\/index.php\/wp-json\/wp\/v2\/posts"}],"about":[{"href":"https:\/\/www.oparanews.com.br\/index.php\/wp-json\/wp\/v2\/types\/post"}],"author":[{"embeddable":true,"href":"https:\/\/www.oparanews.com.br\/index.php\/wp-json\/wp\/v2\/users\/1"}],"replies":[{"embeddable":true,"href":"https:\/\/www.oparanews.com.br\/index.php\/wp-json\/wp\/v2\/comments?post=17001"}],"version-history":[{"count":0,"href":"https:\/\/www.oparanews.com.br\/index.php\/wp-json\/wp\/v2\/posts\/17001\/revisions"}],"wp:attachment":[{"href":"https:\/\/www.oparanews.com.br\/index.php\/wp-json\/wp\/v2\/media?parent=17001"}],"wp:term":[{"taxonomy":"category","embeddable":true,"href":"https:\/\/www.oparanews.com.br\/index.php\/wp-json\/wp\/v2\/categories?post=17001"},{"taxonomy":"post_tag","embeddable":true,"href":"https:\/\/www.oparanews.com.br\/index.php\/wp-json\/wp\/v2\/tags?post=17001"}],"curies":[{"name":"wp","href":"https:\/\/api.w.org\/{rel}","templated":true}]}}