{"id":17004,"date":"2021-06-29T01:43:04","date_gmt":"2021-06-29T01:43:04","guid":{"rendered":"https:\/\/oparanews.com.br\/?p=17004"},"modified":"2021-06-29T01:43:04","modified_gmt":"2021-06-29T01:43:04","slug":"jumenta-morre-apos-ser-esfaqueada-em-penedo","status":"publish","type":"post","link":"https:\/\/www.oparanews.com.br\/index.php\/2021\/06\/29\/jumenta-morre-apos-ser-esfaqueada-em-penedo\/","title":{"rendered":"Jumenta morre ap\u00f3s ser esfaqueada em Penedo"},"content":{"rendered":"<p>Uma jumenta morreu nesta segunda-feira (28) depois de ser esfaqueada no bairro Santa Cec\u00edlia, em Penedo, na regi\u00e3o do Baixo S\u00e3o Francisco em Alagoas.<\/p>\n<p>De acordo com o setor de apreens\u00e3o de animais do munic\u00edpio, o animal foi esfaqueado na noite de domingo (27). Depois de uma den\u00fancia para o Disk Animal da prefeitura de Penedo, uma equipe com veterin\u00e1rio foi enviada ao local.<\/p>\n<p><a href=\"https:\/\/oparanews.com.br\/jumenta-morre-apos-ser-esfaqueada-em-penedo\/sem-titulo-3668\/\" rel=\"attachment wp-att-17007\"><img loading=\"lazy\" decoding=\"async\" class=\"alignleft size-medium wp-image-17007\" src=\"https:\/\/oparanews.com.br\/wp-content\/uploads\/2021\/06\/Sem-t\u00edtulo-256-256x300.jpg\" alt=\"\" width=\"256\" height=\"300\" \/><\/a>A jumenta estava com ferimento de faca na barriga. \u201cO secret\u00e1rio de agricultura enviou um veterin\u00e1rio do setor de apreens\u00e3o para que tentasse salv\u00e1-la\u201d contou o fiscal de apreens\u00e3o de animais, Jorge Alexandre da Silva.<\/p>\n<p>Na manh\u00e3 desta segunda, o animal n\u00e3o resistiu e morreu. A Pol\u00edcia Militar foi acionada e iniciou busca pelo respons\u00e1vel na morte do animal, mas at\u00e9 o final da tarde desta segunda nenhum suspeito foi encontrado.<\/p>\n<p>Esse foi o segundo caso de maus-tratos contra animal no munic\u00edpio. No dia 1\u00ba, um cavalo morreu depois de ser esfaqueado na Vila Matias.<\/p>\n<p>A agress\u00e3o ao cavalo se enquadra na Lei de crimes ambientais. A pena para maus-tratos \u00e9 de tr\u00eas meses a um ano de pris\u00e3o e multa. Em caso de morte do animal, a puni\u00e7\u00e3o pode ser aumentada de 1\/6 a 1\/3.<\/p>\n<p>Quem tiver informa\u00e7\u00f5es sobre o respons\u00e1vel pelo crime pode ligar para Disk Animal, pelo n\u00famero (82) 9-9143-2554.<\/p>\n<p>&nbsp;<\/p>\n<p><strong>por Carolina Sanches &#8211; G1\/AL<\/strong><\/p>\n<p>&nbsp;<\/p>\n","protected":false},"excerpt":{"rendered":"<p>Uma jumenta morreu nesta segunda-feira (28) depois de ser esfaqueada no bairro Santa Cec\u00edlia, em Penedo, na regi\u00e3o do Baixo S\u00e3o Francisco em Alagoas. De acordo com o setor de apreens\u00e3o de animais do munic\u00edpio, o animal foi esfaqueado na noite de domingo (27). Depois de uma den\u00fancia para o Disk Animal da prefeitura de &hellip;<\/p>\n","protected":false},"author":1,"featured_media":17005,"comment_status":"closed","ping_status":"closed","sticky":false,"template":"","format":"standard","meta":{"_jetpack_newsletter_access":"","_jetpack_dont_email_post_to_subs":false,"_jetpack_newsletter_tier_id":0,"_jetpack_memberships_contains_paywalled_content":false,"_jetpack_memberships_contains_paid_content":false,"footnotes":""},"categories":[1],"tags":[],"class_list":["post-17004","post","type-post","status-publish","format-standard","has-post-thumbnail","hentry","category-destaque"],"jetpack_sharing_enabled":true,"jetpack_featured_media_url":"","_links":{"self":[{"href":"https:\/\/www.oparanews.com.br\/index.php\/wp-json\/wp\/v2\/posts\/17004","targetHints":{"allow":["GET"]}}],"collection":[{"href":"https:\/\/www.oparanews.com.br\/index.php\/wp-json\/wp\/v2\/posts"}],"about":[{"href":"https:\/\/www.oparanews.com.br\/index.php\/wp-json\/wp\/v2\/types\/post"}],"author":[{"embeddable":true,"href":"https:\/\/www.oparanews.com.br\/index.php\/wp-json\/wp\/v2\/users\/1"}],"replies":[{"embeddable":true,"href":"https:\/\/www.oparanews.com.br\/index.php\/wp-json\/wp\/v2\/comments?post=17004"}],"version-history":[{"count":0,"href":"https:\/\/www.oparanews.com.br\/index.php\/wp-json\/wp\/v2\/posts\/17004\/revisions"}],"wp:attachment":[{"href":"https:\/\/www.oparanews.com.br\/index.php\/wp-json\/wp\/v2\/media?parent=17004"}],"wp:term":[{"taxonomy":"category","embeddable":true,"href":"https:\/\/www.oparanews.com.br\/index.php\/wp-json\/wp\/v2\/categories?post=17004"},{"taxonomy":"post_tag","embeddable":true,"href":"https:\/\/www.oparanews.com.br\/index.php\/wp-json\/wp\/v2\/tags?post=17004"}],"curies":[{"name":"wp","href":"https:\/\/api.w.org\/{rel}","templated":true}]}}