{"id":17010,"date":"2021-06-29T17:10:58","date_gmt":"2021-06-29T17:10:58","guid":{"rendered":"https:\/\/oparanews.com.br\/?p=17010"},"modified":"2021-06-29T17:10:58","modified_gmt":"2021-06-29T17:10:58","slug":"camara-de-maceio-concede-titulo-de-cidadao-honorario-ao-presidente-bolsonaro","status":"publish","type":"post","link":"https:\/\/www.oparanews.com.br\/index.php\/2021\/06\/29\/camara-de-maceio-concede-titulo-de-cidadao-honorario-ao-presidente-bolsonaro\/","title":{"rendered":"C\u00e2mara de Macei\u00f3 concede t\u00edtulo de cidad\u00e3o honor\u00e1rio ao presidente Bolsonaro"},"content":{"rendered":"<p>A C\u00e2mara de Vereadores de Macei\u00f3 concedeu ao presidente Jair Bolsonaro (sem partido) o t\u00edtulo de cidad\u00e3o honor\u00e1rio. O decreto legislativo foi publicado nesta ter\u00e7a-feira (29), no Di\u00e1rio Oficial do Munic\u00edpio (DOM).<\/p>\n<p>O projeto de lei foi votado e aprovado no dia 23 deste m\u00eas. A indica\u00e7\u00e3o foi feita pelo vereador Leonardo Dias (PSD) e recebeu 16 votos favor\u00e1veis, 6 contr\u00e1rios e duas absten\u00e7\u00f5es (veja a lista ao final do texto).<\/p>\n<p>O t\u00edtulo \u00e9 uma esp\u00e9cie de honraria que uma pessoa de import\u00e2ncia recebe de alguma localidade. O homenageado passa a ser um conterr\u00e2neo, um &#8220;filho da cidade&#8221;.<\/p>\n<p>Na publica\u00e7\u00e3o no DOM sobre o t\u00edtulo de cidad\u00e3o honor\u00e1rio, consta apenas a concess\u00e3o do t\u00edtulo e a informa\u00e7\u00e3o de que a medida passa a vigorar na data da sua publica\u00e7\u00e3o.<\/p>\n<p>A assessoria do vereador Leonardo Dias, autor do projeto, informou que por causa da pandemia, n\u00e3o haver\u00e1 solenidade de entrega na capital. Para evitar aglomera\u00e7\u00f5es, o vereador entregar\u00e1 o t\u00edtulo a Bolsonaro na primeira quinzena de julho, quando ir\u00e1 a Bras\u00edlia cumprir agenda parlamentar.<\/p>\n<p>Como votaram os vereadores<\/p>\n<p>Z\u00e9 M\u00e1rcio (PSD): sim<br \/>\nAlan Balbino (PODE): sim<br \/>\nDavi Davino (PP): sim<br \/>\nEduardo Canuto (PODE): sim<br \/>\nF\u00e1bio Costa (PSB): sim<br \/>\nFernando Holanda (MDB): sim<br \/>\nGaby Ronalsa (DEM): sim<br \/>\nJo\u00e3o Catunda (PSD): sim<br \/>\nJo\u00e3ozinho (PODE): sim<br \/>\nLeonardo Dias (PSD): sim<br \/>\nLuciano Marinho (MDB): sim<br \/>\nMarcelo Palmeira (PSC): sim<br \/>\nPastor Oliveira Lima (Republicanos): sim<br \/>\nOl\u00edvia Ten\u00f3rio (MDB): sim<br \/>\nSiderlane Mendon\u00e7a (PSB): sim<br \/>\nSilvania Barbosa (PRB): sim<br \/>\nAldo Loureiro (PP): n\u00e3o<br \/>\nBrivaldo Marques (PSC): n\u00e3o<br \/>\nCal Moreira (PSC): n\u00e3o<br \/>\nTeca Nelma (PSDB): n\u00e3o<br \/>\nDr. Walmir (PT): n\u00e3o<br \/>\nKleber Costa (PSB): n\u00e3o<br \/>\nChico Filho (MDB): absten\u00e7\u00e3o<br \/>\nSamir Malta (PTC): absten\u00e7\u00e3o<\/p>\n<p>&nbsp;<\/p>\n<p><strong>Fonte: G1\/AL<\/strong><\/p>\n<p>&nbsp;<\/p>\n","protected":false},"excerpt":{"rendered":"<p>A C\u00e2mara de Vereadores de Macei\u00f3 concedeu ao presidente Jair Bolsonaro (sem partido) o t\u00edtulo de cidad\u00e3o honor\u00e1rio. O decreto legislativo foi publicado nesta ter\u00e7a-feira (29), no Di\u00e1rio Oficial do Munic\u00edpio (DOM). O projeto de lei foi votado e aprovado no dia 23 deste m\u00eas. A indica\u00e7\u00e3o foi feita pelo vereador Leonardo Dias (PSD) e &hellip;<\/p>\n","protected":false},"author":1,"featured_media":17011,"comment_status":"closed","ping_status":"closed","sticky":false,"template":"","format":"standard","meta":{"_jetpack_newsletter_access":"","_jetpack_dont_email_post_to_subs":false,"_jetpack_newsletter_tier_id":0,"_jetpack_memberships_contains_paywalled_content":false,"_jetpack_memberships_contains_paid_content":false,"footnotes":""},"categories":[1],"tags":[],"class_list":["post-17010","post","type-post","status-publish","format-standard","has-post-thumbnail","hentry","category-destaque"],"jetpack_sharing_enabled":true,"jetpack_featured_media_url":"","_links":{"self":[{"href":"https:\/\/www.oparanews.com.br\/index.php\/wp-json\/wp\/v2\/posts\/17010","targetHints":{"allow":["GET"]}}],"collection":[{"href":"https:\/\/www.oparanews.com.br\/index.php\/wp-json\/wp\/v2\/posts"}],"about":[{"href":"https:\/\/www.oparanews.com.br\/index.php\/wp-json\/wp\/v2\/types\/post"}],"author":[{"embeddable":true,"href":"https:\/\/www.oparanews.com.br\/index.php\/wp-json\/wp\/v2\/users\/1"}],"replies":[{"embeddable":true,"href":"https:\/\/www.oparanews.com.br\/index.php\/wp-json\/wp\/v2\/comments?post=17010"}],"version-history":[{"count":0,"href":"https:\/\/www.oparanews.com.br\/index.php\/wp-json\/wp\/v2\/posts\/17010\/revisions"}],"wp:attachment":[{"href":"https:\/\/www.oparanews.com.br\/index.php\/wp-json\/wp\/v2\/media?parent=17010"}],"wp:term":[{"taxonomy":"category","embeddable":true,"href":"https:\/\/www.oparanews.com.br\/index.php\/wp-json\/wp\/v2\/categories?post=17010"},{"taxonomy":"post_tag","embeddable":true,"href":"https:\/\/www.oparanews.com.br\/index.php\/wp-json\/wp\/v2\/tags?post=17010"}],"curies":[{"name":"wp","href":"https:\/\/api.w.org\/{rel}","templated":true}]}}