{"id":17013,"date":"2021-06-30T12:48:37","date_gmt":"2021-06-30T12:48:37","guid":{"rendered":"https:\/\/oparanews.com.br\/?p=17013"},"modified":"2021-06-30T12:48:37","modified_gmt":"2021-06-30T12:48:37","slug":"pessoas-com-menos-de-40-anos-estao-sendo-vacinadas-contra-covid-em-penedo","status":"publish","type":"post","link":"https:\/\/www.oparanews.com.br\/index.php\/2021\/06\/30\/pessoas-com-menos-de-40-anos-estao-sendo-vacinadas-contra-covid-em-penedo\/","title":{"rendered":"Pessoas com menos de 40 anos est\u00e3o sendo vacinadas contra Covid em Penedo"},"content":{"rendered":"<p>Quem reside em Penedo e tem menos de 40 anos de idade j\u00e1 pode se dirigir at\u00e9 a Central de Vacina contra Covid-19 para receber o imunizante contra o coronav\u00edrus.<\/p>\n<p>O munic\u00edpio com mais de 35% da popula\u00e7\u00e3o adulta (p\u00fablico-alvo da campanha) j\u00e1 vacinada com a primeira dose da vacina que salva vidas avan\u00e7a na assist\u00eancia que \u00e9 refer\u00eancia positiva em Alagoas.<\/p>\n<p>Desde o in\u00edcio desta semana que a Secretaria Municipal de Sa\u00fade (SEMS) iniciou a imuniza\u00e7\u00e3o de pessoas da faixa et\u00e1ria abaixo de 40 anos.<\/p>\n<p>Nesta quarta-feira, 30, chega a vez dos que j\u00e1 completaram 37 anos receberem a primeira dose da vacina contra Covid.<\/p>\n<p>A gest\u00e3o Crescendo Com Seu Povo tamb\u00e9m informa que est\u00e1 administrando a segunda dose nos agendados, alertando para que as pessoas observem a data que consta no cart\u00e3o entregue no ato da aplica\u00e7\u00e3o da primeira dose.<\/p>\n<p>Gestantes e mulheres com filhos rec\u00e9m nascidos tamb\u00e9m est\u00e3o sendo convocadas para receber o imunizante, desde que tenham 35 anos ou mais e algum tipo de comorbidade. Tamb\u00e9m \u00e9 preciso apresentar autoriza\u00e7\u00e3o m\u00e9dica para ser vacinada.<\/p>\n<p>O avan\u00e7o para mulheres em per\u00edodo de gesta\u00e7\u00e3o ou que s\u00e3o pu\u00e9rperas tamb\u00e9m se estende para remanescentes quilombolas, portadoras de defici\u00eancia permanente e profissionais das \u00e1reas de educa\u00e7\u00e3o ou sa\u00fade.<\/p>\n<p>A Central de Vacina\u00e7\u00e3o da SEMS Penedo funciona na Escola Estadual Ernani Me\u0301ro, entre 8h e 16 horas. Quem vai receber a primeira dose precisa apresentar documento oficial com foto, carta\u0303o do SUS e comprovante de resid\u00eancia.<\/p>\n<p>Quem perdeu a data de sua faixa et\u00e1ria pode ter acesso ao servi\u00e7o em dia posterior, apresentando o Cart\u00e3o de Vacina contra Covid.<\/p>\n<p>&nbsp;<\/p>\n<p><strong>por Fernando Vin\u00edcius \u2013 Decom PMP<\/strong><\/p>\n<p>&nbsp;<\/p>\n","protected":false},"excerpt":{"rendered":"<p>Quem reside em Penedo e tem menos de 40 anos de idade j\u00e1 pode se dirigir at\u00e9 a Central de Vacina contra Covid-19 para receber o imunizante contra o coronav\u00edrus. O munic\u00edpio com mais de 35% da popula\u00e7\u00e3o adulta (p\u00fablico-alvo da campanha) j\u00e1 vacinada com a primeira dose da vacina que salva vidas avan\u00e7a na &hellip;<\/p>\n","protected":false},"author":1,"featured_media":17014,"comment_status":"closed","ping_status":"closed","sticky":false,"template":"","format":"standard","meta":{"_jetpack_newsletter_access":"","_jetpack_dont_email_post_to_subs":false,"_jetpack_newsletter_tier_id":0,"_jetpack_memberships_contains_paywalled_content":false,"_jetpack_memberships_contains_paid_content":false,"footnotes":""},"categories":[1],"tags":[],"class_list":["post-17013","post","type-post","status-publish","format-standard","has-post-thumbnail","hentry","category-destaque"],"jetpack_sharing_enabled":true,"jetpack_featured_media_url":"","_links":{"self":[{"href":"https:\/\/www.oparanews.com.br\/index.php\/wp-json\/wp\/v2\/posts\/17013","targetHints":{"allow":["GET"]}}],"collection":[{"href":"https:\/\/www.oparanews.com.br\/index.php\/wp-json\/wp\/v2\/posts"}],"about":[{"href":"https:\/\/www.oparanews.com.br\/index.php\/wp-json\/wp\/v2\/types\/post"}],"author":[{"embeddable":true,"href":"https:\/\/www.oparanews.com.br\/index.php\/wp-json\/wp\/v2\/users\/1"}],"replies":[{"embeddable":true,"href":"https:\/\/www.oparanews.com.br\/index.php\/wp-json\/wp\/v2\/comments?post=17013"}],"version-history":[{"count":0,"href":"https:\/\/www.oparanews.com.br\/index.php\/wp-json\/wp\/v2\/posts\/17013\/revisions"}],"wp:attachment":[{"href":"https:\/\/www.oparanews.com.br\/index.php\/wp-json\/wp\/v2\/media?parent=17013"}],"wp:term":[{"taxonomy":"category","embeddable":true,"href":"https:\/\/www.oparanews.com.br\/index.php\/wp-json\/wp\/v2\/categories?post=17013"},{"taxonomy":"post_tag","embeddable":true,"href":"https:\/\/www.oparanews.com.br\/index.php\/wp-json\/wp\/v2\/tags?post=17013"}],"curies":[{"name":"wp","href":"https:\/\/api.w.org\/{rel}","templated":true}]}}