{"id":17021,"date":"2021-06-30T12:52:55","date_gmt":"2021-06-30T12:52:55","guid":{"rendered":"https:\/\/oparanews.com.br\/?p=17021"},"modified":"2021-06-30T12:52:55","modified_gmt":"2021-06-30T12:52:55","slug":"inscricoes-para-o-enem-2021-comecam-nesta-quarta-feira","status":"publish","type":"post","link":"https:\/\/www.oparanews.com.br\/index.php\/2021\/06\/30\/inscricoes-para-o-enem-2021-comecam-nesta-quarta-feira\/","title":{"rendered":"Inscri\u00e7\u00f5es para o Enem 2021 come\u00e7am nesta quarta-feira"},"content":{"rendered":"<p>O Instituto Nacional de Estudos e Pesquisas Educacionais An\u00edsio Teixeira (Inep) inicia, nesta quarta-feira (30), as inscri\u00e7\u00f5es para o Exame Nacional do Ensino M\u00e9dio (Enem) 2021.<\/p>\n<p>Os interessados poder\u00e3o se inscrever na P\u00e1gina do Participante, at\u00e9 14 de julho. A taxa de inscri\u00e7\u00e3o \u00e9 de R$ 85 e o pagamento deve ser feito por aqueles que n\u00e3o est\u00e3o isentos, por meio de Guia de Recolhimento da Uni\u00e3o (GRU Cobran\u00e7a).<\/p>\n<p>Os resultados finais das solicita\u00e7\u00f5es de isen\u00e7\u00e3o foram divulgados pelo Inep, no dia 25 de junho, e est\u00e3o dispon\u00edveis na P\u00e1gina do Participante.<\/p>\n<p>Os interessados em fazer o Enem 2021 dever\u00e3o realizar a inscri\u00e7\u00e3o no exame, isentos ou n\u00e3o. O Inep preparou um passo a passo para ajudar na inscri\u00e7\u00e3o. Para isso, basta acessar a P\u00e1gina do Participante, no endere\u00e7o eletr\u00f4nico enem.inep.gov.br.<\/p>\n<p><strong>Provas<\/strong><\/p>\n<p>As provas do Enem 2021 ser\u00e3o aplicadas nos dias 21 e 28 de novembro, tanto a vers\u00e3o digital quanto a impressa. As duas vers\u00f5es tamb\u00e9m ter\u00e3o a mesma estrutura de prova: quatro cadernos de quest\u00f5es e a reda\u00e7\u00e3o.<\/p>\n<p>Cada prova ter\u00e1 45 quest\u00f5es de m\u00faltipla escolha, que, no caso do Enem Digital, ser\u00e3o apresentadas na tela do computador. J\u00e1 a reda\u00e7\u00e3o ser\u00e1 realizada em formato impresso, nos mesmos moldes de aplica\u00e7\u00e3o e corre\u00e7\u00e3o da vers\u00e3o em papel. Os participantes receber\u00e3o folhas de rascunho nos dois dias.<\/p>\n<p>No primeiro dia, ser\u00e3o aplicadas as provas de linguagens, c\u00f3digos e suas tecnologias, e ci\u00eancias humanas e suas tecnologias, al\u00e9m da reda\u00e7\u00e3o. A aplica\u00e7\u00e3o regular ter\u00e1 cinco horas e 30 minutos de dura\u00e7\u00e3o.<\/p>\n<p>No segundo dia, as provas ser\u00e3o de ci\u00eancias da natureza e suas tecnologias, e matem\u00e1tica e suas tecnologias. Nesse caso, a aplica\u00e7\u00e3o regular ter\u00e1 cinco horas de dura\u00e7\u00e3o.<\/p>\n<p>&nbsp;<\/p>\n<p><strong>Fonte: Ag\u00eancia Brasil<\/strong><\/p>\n<p>&nbsp;<\/p>\n","protected":false},"excerpt":{"rendered":"<p>O Instituto Nacional de Estudos e Pesquisas Educacionais An\u00edsio Teixeira (Inep) inicia, nesta quarta-feira (30), as inscri\u00e7\u00f5es para o Exame Nacional do Ensino M\u00e9dio (Enem) 2021. Os interessados poder\u00e3o se inscrever na P\u00e1gina do Participante, at\u00e9 14 de julho. A taxa de inscri\u00e7\u00e3o \u00e9 de R$ 85 e o pagamento deve ser feito por aqueles &hellip;<\/p>\n","protected":false},"author":1,"featured_media":17022,"comment_status":"closed","ping_status":"closed","sticky":false,"template":"","format":"standard","meta":{"_jetpack_newsletter_access":"","_jetpack_dont_email_post_to_subs":false,"_jetpack_newsletter_tier_id":0,"_jetpack_memberships_contains_paywalled_content":false,"_jetpack_memberships_contains_paid_content":false,"footnotes":""},"categories":[1],"tags":[],"class_list":["post-17021","post","type-post","status-publish","format-standard","has-post-thumbnail","hentry","category-destaque"],"jetpack_sharing_enabled":true,"jetpack_featured_media_url":"","_links":{"self":[{"href":"https:\/\/www.oparanews.com.br\/index.php\/wp-json\/wp\/v2\/posts\/17021","targetHints":{"allow":["GET"]}}],"collection":[{"href":"https:\/\/www.oparanews.com.br\/index.php\/wp-json\/wp\/v2\/posts"}],"about":[{"href":"https:\/\/www.oparanews.com.br\/index.php\/wp-json\/wp\/v2\/types\/post"}],"author":[{"embeddable":true,"href":"https:\/\/www.oparanews.com.br\/index.php\/wp-json\/wp\/v2\/users\/1"}],"replies":[{"embeddable":true,"href":"https:\/\/www.oparanews.com.br\/index.php\/wp-json\/wp\/v2\/comments?post=17021"}],"version-history":[{"count":0,"href":"https:\/\/www.oparanews.com.br\/index.php\/wp-json\/wp\/v2\/posts\/17021\/revisions"}],"wp:attachment":[{"href":"https:\/\/www.oparanews.com.br\/index.php\/wp-json\/wp\/v2\/media?parent=17021"}],"wp:term":[{"taxonomy":"category","embeddable":true,"href":"https:\/\/www.oparanews.com.br\/index.php\/wp-json\/wp\/v2\/categories?post=17021"},{"taxonomy":"post_tag","embeddable":true,"href":"https:\/\/www.oparanews.com.br\/index.php\/wp-json\/wp\/v2\/tags?post=17021"}],"curies":[{"name":"wp","href":"https:\/\/api.w.org\/{rel}","templated":true}]}}