{"id":17030,"date":"2021-06-30T16:00:16","date_gmt":"2021-06-30T16:00:16","guid":{"rendered":"https:\/\/oparanews.com.br\/?p=17030"},"modified":"2021-06-30T16:00:16","modified_gmt":"2021-06-30T16:00:16","slug":"crb-anuncia-a-contratacao-de-alan-james-artilheiro-do-alagoano-2021","status":"publish","type":"post","link":"https:\/\/www.oparanews.com.br\/index.php\/2021\/06\/30\/crb-anuncia-a-contratacao-de-alan-james-artilheiro-do-alagoano-2021\/","title":{"rendered":"CRB anuncia a contrata\u00e7\u00e3o de Alan James, artilheiro do Alagoano 2021"},"content":{"rendered":"<p>Depois de muita especula\u00e7\u00e3o ap\u00f3s o Alagoano, o CRB finalmente anunciou a contrata\u00e7\u00e3o do atacante Alan James, destaque do CSE e artilheiro do Estadual deste ano. Desde a sa\u00edda de Luc\u00e3o, o Galo n\u00e3o contava com um centroavante de refer\u00eancia no time titular e Alan deve ocupar essa posi\u00e7\u00e3o, que vinha sendo de Hyuri provisoriamente.<\/p>\n<p>Alan, de apenas 23 anos, foi revelado pelo Dimens\u00e3o Capela e rodou por clubes como Fluminense de Feira, Itabaiana e Globo FC at\u00e9 se destacar neste ano no comando de ataque do CSE. Pelo time de Palmeira dos \u00cdndios, marcou sete gols e foi o artilheiro do Alagoano de 2021, levando o time at\u00e9 as semifinais da competi\u00e7\u00e3o.<\/p>\n<p>O centroavante se apresenta hoje no CT Ninho do Galo para iniciar os trabalhos com o grupo. Fica a expectativa de sua regulariza\u00e7\u00e3o para poder entrar em campo contra o CSA no pr\u00f3ximo s\u00e1bado (3), pela 9\u00aa rodada da S\u00e9rie B, \u00e0s 18h30, no Rei Pel\u00e9.<\/p>\n<p>&nbsp;<\/p>\n<p><strong>por Rafael Reis &#8211; Gazetaweb<\/strong><\/p>\n<p>&nbsp;<\/p>\n","protected":false},"excerpt":{"rendered":"<p>Depois de muita especula\u00e7\u00e3o ap\u00f3s o Alagoano, o CRB finalmente anunciou a contrata\u00e7\u00e3o do atacante Alan James, destaque do CSE e artilheiro do Estadual deste ano. Desde a sa\u00edda de Luc\u00e3o, o Galo n\u00e3o contava com um centroavante de refer\u00eancia no time titular e Alan deve ocupar essa posi\u00e7\u00e3o, que vinha sendo de Hyuri provisoriamente. &hellip;<\/p>\n","protected":false},"author":1,"featured_media":17031,"comment_status":"closed","ping_status":"closed","sticky":false,"template":"","format":"standard","meta":{"_jetpack_newsletter_access":"","_jetpack_dont_email_post_to_subs":false,"_jetpack_newsletter_tier_id":0,"_jetpack_memberships_contains_paywalled_content":false,"_jetpack_memberships_contains_paid_content":false,"footnotes":""},"categories":[1],"tags":[],"class_list":["post-17030","post","type-post","status-publish","format-standard","has-post-thumbnail","hentry","category-destaque"],"jetpack_sharing_enabled":true,"jetpack_featured_media_url":"","_links":{"self":[{"href":"https:\/\/www.oparanews.com.br\/index.php\/wp-json\/wp\/v2\/posts\/17030","targetHints":{"allow":["GET"]}}],"collection":[{"href":"https:\/\/www.oparanews.com.br\/index.php\/wp-json\/wp\/v2\/posts"}],"about":[{"href":"https:\/\/www.oparanews.com.br\/index.php\/wp-json\/wp\/v2\/types\/post"}],"author":[{"embeddable":true,"href":"https:\/\/www.oparanews.com.br\/index.php\/wp-json\/wp\/v2\/users\/1"}],"replies":[{"embeddable":true,"href":"https:\/\/www.oparanews.com.br\/index.php\/wp-json\/wp\/v2\/comments?post=17030"}],"version-history":[{"count":0,"href":"https:\/\/www.oparanews.com.br\/index.php\/wp-json\/wp\/v2\/posts\/17030\/revisions"}],"wp:attachment":[{"href":"https:\/\/www.oparanews.com.br\/index.php\/wp-json\/wp\/v2\/media?parent=17030"}],"wp:term":[{"taxonomy":"category","embeddable":true,"href":"https:\/\/www.oparanews.com.br\/index.php\/wp-json\/wp\/v2\/categories?post=17030"},{"taxonomy":"post_tag","embeddable":true,"href":"https:\/\/www.oparanews.com.br\/index.php\/wp-json\/wp\/v2\/tags?post=17030"}],"curies":[{"name":"wp","href":"https:\/\/api.w.org\/{rel}","templated":true}]}}