{"id":17036,"date":"2021-06-30T16:03:09","date_gmt":"2021-06-30T16:03:09","guid":{"rendered":"https:\/\/oparanews.com.br\/?p=17036"},"modified":"2021-06-30T16:03:09","modified_gmt":"2021-06-30T16:03:09","slug":"ministro-queiroga-desembarca-em-al-nesta-quinta-e-cumpre-agenda-em-marechal-e-teotonio","status":"publish","type":"post","link":"https:\/\/www.oparanews.com.br\/index.php\/2021\/06\/30\/ministro-queiroga-desembarca-em-al-nesta-quinta-e-cumpre-agenda-em-marechal-e-teotonio\/","title":{"rendered":"Ministro Queiroga desembarca em AL nesta quinta e cumpre agenda em Marechal e Teot\u00f4nio"},"content":{"rendered":"<p>O ministro da Sa\u00fade Marcelo Queiroga estar\u00e1 em Alagoas nesta quinta-feira (1\u00ba), cumprindo agenda nos munic\u00edpios de Marechal Deodoro e Teot\u00f4nio Vilela. Ao longo do dia, ele visitar\u00e1 unidades de sa\u00fade e ponto de vacina\u00e7\u00e3o contra a Covid-19.<\/p>\n<p>Em Marechal, Queiroga participa do evento de lan\u00e7amento do Conecte SUS Prontu\u00e1rio Eletr\u00f4nico, a partir das 10h30. De l\u00e1, ele segue para Teot\u00f4nio Vilela, onde visitar\u00e1 o Posto de Vacina\u00e7\u00e3o Central da cidade, situado no Espa\u00e7o Multieventos, com o objetivo de acompanhar o processo de imuniza\u00e7\u00e3o contra a Covid-19 no munic\u00edpio.<\/p>\n<p>Depois, ele segue para a Unidade B\u00e1sica de Sa\u00fade situada no Centro da cidade. L\u00e1, ele vai conhecer a estrutura e o funcionamento da UBS. Tamb\u00e9m ser\u00e1 fixada no local uma Placa de Reconhecimento de Aten\u00e7\u00e3o Prim\u00e1ria \u00e0 Sa\u00fade, como porta de entrada do SUS. Ainda em Teot\u00f4nio, Queiroga vai at\u00e9 o Centro Especializado em Reabilita\u00e7\u00e3o (CER) Jailson Barbosa Lins, onde tamb\u00e9m pretende conhecer a estrutura e o fluxo de funcionamento que ser\u00e1 refer\u00eancia para a regi\u00e3o.<\/p>\n<p>A agenda no munic\u00edpio do interior de Alagoas tamb\u00e9m inclui uma passagem pelo Espa\u00e7o Vida J\u00eaniffa J\u00e2nia de Lira Santos, onde o ministro vai visitar o ambulat\u00f3rio de alto risco para gestantes, espa\u00e7o que foi premiado pelo Minist\u00e9rio da Sa\u00fade no ano de 2018.<\/p>\n<p>Alagoas j\u00e1 recebeu do Minist\u00e9rio da Sa\u00fade um total de 1.866.870 doses das vacinas CoronaVac, AstraZeneca, Pfizer e Janssen, imunizantes que est\u00e3o sendo distribu\u00eddos e aplicados nos 102 munic\u00edpios alagoanos como forma de combater a Covid-19.<\/p>\n<p>&nbsp;<\/p>\n<p><strong>por Jamylle Bezerra &#8211; Gazetaweb<\/strong><\/p>\n<p>&nbsp;<\/p>\n","protected":false},"excerpt":{"rendered":"<p>O ministro da Sa\u00fade Marcelo Queiroga estar\u00e1 em Alagoas nesta quinta-feira (1\u00ba), cumprindo agenda nos munic\u00edpios de Marechal Deodoro e Teot\u00f4nio Vilela. Ao longo do dia, ele visitar\u00e1 unidades de sa\u00fade e ponto de vacina\u00e7\u00e3o contra a Covid-19. Em Marechal, Queiroga participa do evento de lan\u00e7amento do Conecte SUS Prontu\u00e1rio Eletr\u00f4nico, a partir das 10h30. &hellip;<\/p>\n","protected":false},"author":1,"featured_media":17037,"comment_status":"closed","ping_status":"closed","sticky":false,"template":"","format":"standard","meta":{"_jetpack_newsletter_access":"","_jetpack_dont_email_post_to_subs":false,"_jetpack_newsletter_tier_id":0,"_jetpack_memberships_contains_paywalled_content":false,"_jetpack_memberships_contains_paid_content":false,"footnotes":""},"categories":[1],"tags":[],"class_list":["post-17036","post","type-post","status-publish","format-standard","has-post-thumbnail","hentry","category-destaque"],"jetpack_sharing_enabled":true,"jetpack_featured_media_url":"","_links":{"self":[{"href":"https:\/\/www.oparanews.com.br\/index.php\/wp-json\/wp\/v2\/posts\/17036","targetHints":{"allow":["GET"]}}],"collection":[{"href":"https:\/\/www.oparanews.com.br\/index.php\/wp-json\/wp\/v2\/posts"}],"about":[{"href":"https:\/\/www.oparanews.com.br\/index.php\/wp-json\/wp\/v2\/types\/post"}],"author":[{"embeddable":true,"href":"https:\/\/www.oparanews.com.br\/index.php\/wp-json\/wp\/v2\/users\/1"}],"replies":[{"embeddable":true,"href":"https:\/\/www.oparanews.com.br\/index.php\/wp-json\/wp\/v2\/comments?post=17036"}],"version-history":[{"count":0,"href":"https:\/\/www.oparanews.com.br\/index.php\/wp-json\/wp\/v2\/posts\/17036\/revisions"}],"wp:attachment":[{"href":"https:\/\/www.oparanews.com.br\/index.php\/wp-json\/wp\/v2\/media?parent=17036"}],"wp:term":[{"taxonomy":"category","embeddable":true,"href":"https:\/\/www.oparanews.com.br\/index.php\/wp-json\/wp\/v2\/categories?post=17036"},{"taxonomy":"post_tag","embeddable":true,"href":"https:\/\/www.oparanews.com.br\/index.php\/wp-json\/wp\/v2\/tags?post=17036"}],"curies":[{"name":"wp","href":"https:\/\/api.w.org\/{rel}","templated":true}]}}