{"id":17049,"date":"2021-07-01T00:33:18","date_gmt":"2021-07-01T00:33:18","guid":{"rendered":"https:\/\/oparanews.com.br\/?p=17049"},"modified":"2021-07-01T00:33:18","modified_gmt":"2021-07-01T00:33:18","slug":"sems-penedo-cria-xepa-da-vacina-contra-covid-19","status":"publish","type":"post","link":"https:\/\/www.oparanews.com.br\/index.php\/2021\/07\/01\/sems-penedo-cria-xepa-da-vacina-contra-covid-19\/","title":{"rendered":"SEMS Penedo cria \u201cxepa\u201d da vacina contra Covid-19"},"content":{"rendered":"<p>Para agilizar a imuniza\u00e7\u00e3o da popula\u00e7\u00e3o penendese, assim como evitar o desperd\u00edcio de doses que por ventura possam sobrar ao final do dia de vacina\u00e7\u00e3o, a Secretaria Municipal de Sa\u00fade (SEMS), da Prefeitura de Penedo, criou a xepa da vacina<\/p>\n<p>Sendo esse \u00e9 o termo utilizado para as doses excedentes ao final do dia<\/p>\n<p>Com isso, a SEMS ir\u00e1 destina-las, quando houver doses remanescentes, para o p\u00fablico em geral a partir dos 18 anos de idade, at\u00e9 os 36 anos; faixas et\u00e1rias ainda n\u00e3o contempladas pela vacina\u00e7\u00e3o regular.<\/p>\n<p>Para obter esse benef\u00edcio \u00e9 necess\u00e1rio o interessado(a), se dirigir a Central de Vacina\u00e7\u00e3o e verificar se existem doses dispon\u00edveis, ap\u00f3s o encerramento do hor\u00e1rio da vacina\u00e7\u00e3o, ou seja ap\u00f3s as 16h.<\/p>\n<p>De acordo com a SEMS, ser\u00e3o distribu\u00eddas senhas por ordem chegada, de acordo com a quantidade de doses excedentes.<\/p>\n<p>Vale destacar que essa \u00e9 uma estrat\u00e9gia da Secretaria de Sa\u00fade, para evitar o desperd\u00edcio de doses de imunizantes e assim garantir um maior n\u00famero de vacinados.<\/p>\n<p>Dessa forma, no dia em que n\u00e3o ocorrerem sobras de doses, n\u00e3o ser\u00e1 poss\u00edvel aplicar a vacina em pessoas abaixo da faixa et\u00e1ria m\u00ednima ou que n\u00e3o fa\u00e7am parte dos grupos priorit\u00e1rios.<\/p>\n<p>&nbsp;<\/p>\n<p><strong>por Thiago Sobral &#8211; Decom PMP<\/strong><\/p>\n<p>&nbsp;<\/p>\n","protected":false},"excerpt":{"rendered":"<p>Para agilizar a imuniza\u00e7\u00e3o da popula\u00e7\u00e3o penendese, assim como evitar o desperd\u00edcio de doses que por ventura possam sobrar ao final do dia de vacina\u00e7\u00e3o, a Secretaria Municipal de Sa\u00fade (SEMS), da Prefeitura de Penedo, criou a xepa da vacina Sendo esse \u00e9 o termo utilizado para as doses excedentes ao final do dia Com &hellip;<\/p>\n","protected":false},"author":1,"featured_media":17050,"comment_status":"closed","ping_status":"closed","sticky":false,"template":"","format":"standard","meta":{"_jetpack_newsletter_access":"","_jetpack_dont_email_post_to_subs":false,"_jetpack_newsletter_tier_id":0,"_jetpack_memberships_contains_paywalled_content":false,"_jetpack_memberships_contains_paid_content":false,"footnotes":""},"categories":[1],"tags":[],"class_list":["post-17049","post","type-post","status-publish","format-standard","has-post-thumbnail","hentry","category-destaque"],"jetpack_sharing_enabled":true,"jetpack_featured_media_url":"","_links":{"self":[{"href":"https:\/\/www.oparanews.com.br\/index.php\/wp-json\/wp\/v2\/posts\/17049","targetHints":{"allow":["GET"]}}],"collection":[{"href":"https:\/\/www.oparanews.com.br\/index.php\/wp-json\/wp\/v2\/posts"}],"about":[{"href":"https:\/\/www.oparanews.com.br\/index.php\/wp-json\/wp\/v2\/types\/post"}],"author":[{"embeddable":true,"href":"https:\/\/www.oparanews.com.br\/index.php\/wp-json\/wp\/v2\/users\/1"}],"replies":[{"embeddable":true,"href":"https:\/\/www.oparanews.com.br\/index.php\/wp-json\/wp\/v2\/comments?post=17049"}],"version-history":[{"count":0,"href":"https:\/\/www.oparanews.com.br\/index.php\/wp-json\/wp\/v2\/posts\/17049\/revisions"}],"wp:attachment":[{"href":"https:\/\/www.oparanews.com.br\/index.php\/wp-json\/wp\/v2\/media?parent=17049"}],"wp:term":[{"taxonomy":"category","embeddable":true,"href":"https:\/\/www.oparanews.com.br\/index.php\/wp-json\/wp\/v2\/categories?post=17049"},{"taxonomy":"post_tag","embeddable":true,"href":"https:\/\/www.oparanews.com.br\/index.php\/wp-json\/wp\/v2\/tags?post=17049"}],"curies":[{"name":"wp","href":"https:\/\/api.w.org\/{rel}","templated":true}]}}