{"id":17052,"date":"2021-07-01T00:34:29","date_gmt":"2021-07-01T00:34:29","guid":{"rendered":"https:\/\/oparanews.com.br\/?p=17052"},"modified":"2021-07-01T00:34:29","modified_gmt":"2021-07-01T00:34:29","slug":"metade-da-populacao-adulta-de-penedo-ja-recebeu-a-primeira-dose-da-vacina-contra-covid","status":"publish","type":"post","link":"https:\/\/www.oparanews.com.br\/index.php\/2021\/07\/01\/metade-da-populacao-adulta-de-penedo-ja-recebeu-a-primeira-dose-da-vacina-contra-covid\/","title":{"rendered":"Metade da popula\u00e7\u00e3o adulta de Penedo j\u00e1 recebeu a primeira dose da vacina contra Covid"},"content":{"rendered":"<p>Penedo alcan\u00e7a mais uma marca significativa no enfrentamento ao coronav\u00edrus. Ao fim do m\u00eas de junho, metade do p\u00fablico-alvo da campanha de vacina\u00e7\u00e3o (pessoas com 18 anos ou mais) j\u00e1 est\u00e1 vacinada com a primeira dose.<\/p>\n<p>A boa not\u00edcia foi anunciada pelo Secret\u00e1rio Municipal de Sa\u00fade. \u201cHoje alcan\u00e7amos uma excelente marca: chegamos a 50% da popula\u00e7\u00e3o apta para vacinar em nosso munic\u00edpio! \u00c9 um grande feito e vamos seguir firme, vacinando at\u00e9 a \u00faltima pessoa daqui de Penedo\u201d, frisou Guilherme Lopes, observando a necessidade da segunda dose para concluir a imuniza\u00e7\u00e3o.<\/p>\n<p>De acordo com dados do eSUS, a popula\u00e7\u00e3o vacin\u00e1vel em Penedo \u00e9 formada por 45.767 habitantes. At\u00e9 esta quarta-feira, 30 de junho, mais de 23 mil (23.059) pessoas adultas residentes no munic\u00edpio receberam a primeira dose do imunizante contra Covid.<\/p>\n<p>Por equ\u00edvoco da reda\u00e7\u00e3o do Decom, em mat\u00e9ria anterior sobre a cobertura vacinal contra o coronav\u00edrus foi utilizada o quantitativo de 56.592 habitantes com 18 anos ou mais para o c\u00e1lculo que anunciou a supera\u00e7\u00e3o de mais de 30% do p\u00fablico-alvo vacinado.<\/p>\n<p>A campanha em Penedo suspende a aplica\u00e7\u00e3o da primeira dose nesta quinta-feira, 01 de julho, at\u00e9 a entrega de novos lotes, mantendo a administra\u00e7\u00e3o da segunda dose na central que funciona na Escola Estadual Ernani M\u00e9ro.<\/p>\n<p>A gest\u00e3o Crescendo Com Seu Povo tamb\u00e9m vacina com segunda dose por meio de busca ativa para localizar as pessoas que ainda n\u00e3o conclu\u00edram a imuniza\u00e7\u00e3o ou se enquadram como domiciliadas\/acamadas e por isso, recebem a assist\u00eancia em sua casa.<\/p>\n<p>&nbsp;<\/p>\n<p><strong>por Fernando Vin\u00edcius \u2013 Decom PMP<\/strong><\/p>\n<p>&nbsp;<\/p>\n","protected":false},"excerpt":{"rendered":"<p>Penedo alcan\u00e7a mais uma marca significativa no enfrentamento ao coronav\u00edrus. Ao fim do m\u00eas de junho, metade do p\u00fablico-alvo da campanha de vacina\u00e7\u00e3o (pessoas com 18 anos ou mais) j\u00e1 est\u00e1 vacinada com a primeira dose. A boa not\u00edcia foi anunciada pelo Secret\u00e1rio Municipal de Sa\u00fade. \u201cHoje alcan\u00e7amos uma excelente marca: chegamos a 50% da &hellip;<\/p>\n","protected":false},"author":1,"featured_media":17053,"comment_status":"closed","ping_status":"closed","sticky":false,"template":"","format":"standard","meta":{"_jetpack_newsletter_access":"","_jetpack_dont_email_post_to_subs":false,"_jetpack_newsletter_tier_id":0,"_jetpack_memberships_contains_paywalled_content":false,"_jetpack_memberships_contains_paid_content":false,"footnotes":""},"categories":[1],"tags":[],"class_list":["post-17052","post","type-post","status-publish","format-standard","has-post-thumbnail","hentry","category-destaque"],"jetpack_sharing_enabled":true,"jetpack_featured_media_url":"","_links":{"self":[{"href":"https:\/\/www.oparanews.com.br\/index.php\/wp-json\/wp\/v2\/posts\/17052","targetHints":{"allow":["GET"]}}],"collection":[{"href":"https:\/\/www.oparanews.com.br\/index.php\/wp-json\/wp\/v2\/posts"}],"about":[{"href":"https:\/\/www.oparanews.com.br\/index.php\/wp-json\/wp\/v2\/types\/post"}],"author":[{"embeddable":true,"href":"https:\/\/www.oparanews.com.br\/index.php\/wp-json\/wp\/v2\/users\/1"}],"replies":[{"embeddable":true,"href":"https:\/\/www.oparanews.com.br\/index.php\/wp-json\/wp\/v2\/comments?post=17052"}],"version-history":[{"count":0,"href":"https:\/\/www.oparanews.com.br\/index.php\/wp-json\/wp\/v2\/posts\/17052\/revisions"}],"wp:attachment":[{"href":"https:\/\/www.oparanews.com.br\/index.php\/wp-json\/wp\/v2\/media?parent=17052"}],"wp:term":[{"taxonomy":"category","embeddable":true,"href":"https:\/\/www.oparanews.com.br\/index.php\/wp-json\/wp\/v2\/categories?post=17052"},{"taxonomy":"post_tag","embeddable":true,"href":"https:\/\/www.oparanews.com.br\/index.php\/wp-json\/wp\/v2\/tags?post=17052"}],"curies":[{"name":"wp","href":"https:\/\/api.w.org\/{rel}","templated":true}]}}