{"id":17064,"date":"2021-07-02T01:33:26","date_gmt":"2021-07-02T01:33:26","guid":{"rendered":"https:\/\/oparanews.com.br\/?p=17064"},"modified":"2021-07-02T01:33:26","modified_gmt":"2021-07-02T01:33:26","slug":"numero-de-criancas-com-covid-19-aumenta-mais-de-100-em-alagoas","status":"publish","type":"post","link":"https:\/\/www.oparanews.com.br\/index.php\/2021\/07\/02\/numero-de-criancas-com-covid-19-aumenta-mais-de-100-em-alagoas\/","title":{"rendered":"N\u00famero de crian\u00e7as com Covid-19 aumenta mais de 100% em Alagoas"},"content":{"rendered":"<p>O n\u00famero de casos de crian\u00e7as com Covid-19 aumentou mais de 100% em Alagoas neste ano. De acordo com dados da Secretaria de Sa\u00fade do Estado (Sesau), s\u00f3 neste m\u00eas, tr\u00eas beb\u00eas morreram v\u00edtima da doen\u00e7a.<\/p>\n<p>Um dos beb\u00eas que que teve Covid foi o Heitor. A m\u00e3e do menino, a maquiadora Gislane Miranda contou que o filho pegou a doen\u00e7a depois que nasceu, quando j\u00e1 estava internado no hospital.<\/p>\n<p>\u201cFiz o acompanhamento direitinho no pr\u00e9-natal e tive uma gravidez tranquila. Durante o parto, tive complica\u00e7\u00f5es e ele demorou um pouco para nascer, teve uma s\u00e9rie de complica\u00e7\u00f5es e teve que ir para a UIT. Imagine pra mim como m\u00e3e vendo meu filho na UTI lutando pela vida e durante esse processo ele ainda foi contaminado por Covid?\u201d, relata.<\/p>\n<p>O filho da Gislane deixou a UTI recuperado da Covid dias depois. Assim como ele, muitos beb\u00eas tem adoecido em Alagoas. De acordo com a Sesau, no ano passado, foram registrados 2.802 casos de crian\u00e7as com idade at\u00e9 dez anos que tiveram a doen\u00e7a. At\u00e9 junho deste ano, foram 6.310 casos.<\/p>\n<p>Dados do boletim epidemiol\u00f3gico da Secretaria de Estado da Sa\u00fade (Sesau) de quarta-feira (30) mostram que dois beb\u00eas que moravam no interior do estado morreram de Covid em um per\u00edodo de 24 horas.<\/p>\n<p>A m\u00e9dica infectologista Auriene Oliveira disse que alguns fatores podem estar fazendo com que o n\u00famero de crian\u00e7as com a doen\u00e7a aumente. \u201cPrimeiro \u00e9 que as pessoas est\u00e3o cansadas do isolamento, tem tamb\u00e9m a reabertura das escolas e o fato de que mais adultos est\u00e3o adoecendo ent\u00e3o mais crian\u00e7as s\u00e3o contaminadas\u201d, observa.<\/p>\n<p>A infectologista orienta sobre como os pais ou respons\u00e1veis devem agir. \u201cOs pais devem ficar atentos aos dias de febre e aos sintomas respirat\u00f3rios. As crian\u00e7as com mais de tr\u00eas dias de febre ou com sintomas respirat\u00f3rios precisam ser levadas ao m\u00e9dico\u201d, falou.<\/p>\n<p>&nbsp;<\/p>\n<p><strong>Fonte: G1\/AL<\/strong><\/p>\n<p>&nbsp;<\/p>\n","protected":false},"excerpt":{"rendered":"<p>O n\u00famero de casos de crian\u00e7as com Covid-19 aumentou mais de 100% em Alagoas neste ano. De acordo com dados da Secretaria de Sa\u00fade do Estado (Sesau), s\u00f3 neste m\u00eas, tr\u00eas beb\u00eas morreram v\u00edtima da doen\u00e7a. Um dos beb\u00eas que que teve Covid foi o Heitor. A m\u00e3e do menino, a maquiadora Gislane Miranda contou &hellip;<\/p>\n","protected":false},"author":1,"featured_media":17065,"comment_status":"closed","ping_status":"closed","sticky":false,"template":"","format":"standard","meta":{"_jetpack_newsletter_access":"","_jetpack_dont_email_post_to_subs":false,"_jetpack_newsletter_tier_id":0,"_jetpack_memberships_contains_paywalled_content":false,"_jetpack_memberships_contains_paid_content":false,"footnotes":""},"categories":[1],"tags":[],"class_list":["post-17064","post","type-post","status-publish","format-standard","has-post-thumbnail","hentry","category-destaque"],"jetpack_sharing_enabled":true,"jetpack_featured_media_url":"","_links":{"self":[{"href":"https:\/\/www.oparanews.com.br\/index.php\/wp-json\/wp\/v2\/posts\/17064","targetHints":{"allow":["GET"]}}],"collection":[{"href":"https:\/\/www.oparanews.com.br\/index.php\/wp-json\/wp\/v2\/posts"}],"about":[{"href":"https:\/\/www.oparanews.com.br\/index.php\/wp-json\/wp\/v2\/types\/post"}],"author":[{"embeddable":true,"href":"https:\/\/www.oparanews.com.br\/index.php\/wp-json\/wp\/v2\/users\/1"}],"replies":[{"embeddable":true,"href":"https:\/\/www.oparanews.com.br\/index.php\/wp-json\/wp\/v2\/comments?post=17064"}],"version-history":[{"count":0,"href":"https:\/\/www.oparanews.com.br\/index.php\/wp-json\/wp\/v2\/posts\/17064\/revisions"}],"wp:attachment":[{"href":"https:\/\/www.oparanews.com.br\/index.php\/wp-json\/wp\/v2\/media?parent=17064"}],"wp:term":[{"taxonomy":"category","embeddable":true,"href":"https:\/\/www.oparanews.com.br\/index.php\/wp-json\/wp\/v2\/categories?post=17064"},{"taxonomy":"post_tag","embeddable":true,"href":"https:\/\/www.oparanews.com.br\/index.php\/wp-json\/wp\/v2\/tags?post=17064"}],"curies":[{"name":"wp","href":"https:\/\/api.w.org\/{rel}","templated":true}]}}