{"id":17070,"date":"2021-07-02T01:36:16","date_gmt":"2021-07-02T01:36:16","guid":{"rendered":"https:\/\/oparanews.com.br\/?p=17070"},"modified":"2021-07-02T01:36:16","modified_gmt":"2021-07-02T01:36:16","slug":"prefeitura-de-penedo-avanca-na-implantacao-da-coleta-seletiva-de-lixo","status":"publish","type":"post","link":"https:\/\/www.oparanews.com.br\/index.php\/2021\/07\/02\/prefeitura-de-penedo-avanca-na-implantacao-da-coleta-seletiva-de-lixo\/","title":{"rendered":"Prefeitura de Penedo avan\u00e7a na implanta\u00e7\u00e3o da coleta seletiva de lixo"},"content":{"rendered":"<p>Para definir a log\u00edstica da coleta seletiva a ser implantada na cidade, a Prefeitura de Penedo em parceria com a Secretaria de Estado do Meio Ambiente e dos Recursos H\u00eddricos (Semarh) realizou, nesta quinta-feira (1), uma reuni\u00e3o de planejamento com a gerente de Res\u00edduos S\u00f3lidos da Semarh-AL, Elaine Melo.<\/p>\n<p>A coleta seletiva \u00e9 um programa municipal que envolve todas as secretarias do munic\u00edpio. No encontro, estavam presentes representantes das secretarias de Educa\u00e7\u00e3o, Desenvolvimento Social e Habita\u00e7\u00e3o, Abastecimento e Desenvolvimento Agr\u00edcola, Cultura, Desenvolvimento Econ\u00f4mico e Turismo, Meio Ambiente e Recursos H\u00eddricos, al\u00e9m do Departamento de Comunica\u00e7\u00e3o e do Servi\u00e7o Aut\u00f4nomo de \u00c1gua e Esgoto (SAAE).<\/p>\n<p>A pr\u00e1tica de separa\u00e7\u00e3o do lixo seguida da sua coleta seletiva faz parte das a\u00e7\u00f5es para adequada gest\u00e3o dos res\u00edduos. Para implantar essa nova pol\u00edtica p\u00fablica em Penedo, representantes da gest\u00e3o Crescendo Com Seu Povo formar\u00e3o uma comiss\u00e3o com o objetivo de alinhar a\u00e7\u00f5es a serem realizadas para o desenvolvimento sustent\u00e1vel do munic\u00edpio.<\/p>\n<p>Al\u00e9m da instala\u00e7\u00e3o dos pontos de coleta seletiva, ser\u00e3o realizadas diversas mobiliza\u00e7\u00f5es em escolas, com\u00e9rcio e para a popula\u00e7\u00e3o em geral para conscientiza\u00e7\u00e3o do servi\u00e7o.<\/p>\n<p>Outras atividades importantes que devem ser realizadas s\u00e3o a sinaliza\u00e7\u00e3o do descarte correto do lixo em pontos tur\u00edsticos.<\/p>\n<p>O in\u00edcio da implanta\u00e7\u00e3o est\u00e1 previsto para a segunda quinzena do m\u00eas de setembro.<\/p>\n<p>&nbsp;<\/p>\n<p><strong>por Janyelle Carla \u2013 Social Media Decom PMP<\/strong><\/p>\n<p>&nbsp;<\/p>\n","protected":false},"excerpt":{"rendered":"<p>Para definir a log\u00edstica da coleta seletiva a ser implantada na cidade, a Prefeitura de Penedo em parceria com a Secretaria de Estado do Meio Ambiente e dos Recursos H\u00eddricos (Semarh) realizou, nesta quinta-feira (1), uma reuni\u00e3o de planejamento com a gerente de Res\u00edduos S\u00f3lidos da Semarh-AL, Elaine Melo. A coleta seletiva \u00e9 um programa &hellip;<\/p>\n","protected":false},"author":1,"featured_media":17071,"comment_status":"closed","ping_status":"closed","sticky":false,"template":"","format":"standard","meta":{"_jetpack_newsletter_access":"","_jetpack_dont_email_post_to_subs":false,"_jetpack_newsletter_tier_id":0,"_jetpack_memberships_contains_paywalled_content":false,"_jetpack_memberships_contains_paid_content":false,"footnotes":""},"categories":[1],"tags":[],"class_list":["post-17070","post","type-post","status-publish","format-standard","has-post-thumbnail","hentry","category-destaque"],"jetpack_sharing_enabled":true,"jetpack_featured_media_url":"","_links":{"self":[{"href":"https:\/\/www.oparanews.com.br\/index.php\/wp-json\/wp\/v2\/posts\/17070","targetHints":{"allow":["GET"]}}],"collection":[{"href":"https:\/\/www.oparanews.com.br\/index.php\/wp-json\/wp\/v2\/posts"}],"about":[{"href":"https:\/\/www.oparanews.com.br\/index.php\/wp-json\/wp\/v2\/types\/post"}],"author":[{"embeddable":true,"href":"https:\/\/www.oparanews.com.br\/index.php\/wp-json\/wp\/v2\/users\/1"}],"replies":[{"embeddable":true,"href":"https:\/\/www.oparanews.com.br\/index.php\/wp-json\/wp\/v2\/comments?post=17070"}],"version-history":[{"count":0,"href":"https:\/\/www.oparanews.com.br\/index.php\/wp-json\/wp\/v2\/posts\/17070\/revisions"}],"wp:attachment":[{"href":"https:\/\/www.oparanews.com.br\/index.php\/wp-json\/wp\/v2\/media?parent=17070"}],"wp:term":[{"taxonomy":"category","embeddable":true,"href":"https:\/\/www.oparanews.com.br\/index.php\/wp-json\/wp\/v2\/categories?post=17070"},{"taxonomy":"post_tag","embeddable":true,"href":"https:\/\/www.oparanews.com.br\/index.php\/wp-json\/wp\/v2\/tags?post=17070"}],"curies":[{"name":"wp","href":"https:\/\/api.w.org\/{rel}","templated":true}]}}