{"id":17076,"date":"2021-07-02T01:43:27","date_gmt":"2021-07-02T01:43:27","guid":{"rendered":"https:\/\/oparanews.com.br\/?p=17076"},"modified":"2021-07-02T01:43:27","modified_gmt":"2021-07-02T01:43:27","slug":"cbf-divulga-datas-e-horarios-das-oitavas-da-copa-do-brasil","status":"publish","type":"post","link":"https:\/\/www.oparanews.com.br\/index.php\/2021\/07\/02\/cbf-divulga-datas-e-horarios-das-oitavas-da-copa-do-brasil\/","title":{"rendered":"CBF divulga datas e hor\u00e1rios das oitavas da Copa do Brasil"},"content":{"rendered":"<p>A Confedera\u00e7\u00e3o Brasileira de Futebol (CBF) divulgou, na noite desta quinta-feira, as datas e os hor\u00e1rios dos confrontos v\u00e1lidos pelas oitavas de final da Copa do Brasil. Os duelos foram sorteados na \u00faltima semana.<\/p>\n<p>Os jogos de ida ser\u00e3o disputados entre 27, 28 e 29 de julho, e os de volta na semana seguinte &#8211; entre 3, 4 e 5 de agosto. O confronto que abre a fase \u00e9 Fluminense x Crici\u00fama, dia 27, \u00e0s 19h15 (de Bras\u00edlia), no Maracan\u00e3. E a partida que fecha \u00e9 entre ABC e Flamengo, dia 05, \u00e0s 21h30, ainda em local indefinido.<\/p>\n<p>Veja todas as datas e hor\u00e1rios:<\/p>\n<p>Jogos de ida<\/p>\n<p>27\/07, \u00e0s 19h15 &#8211; Crici\u00fama x Fluminense &#8211; Heriberto Hulse<br \/>\n27\/07, \u00e0s 21h30 &#8211; Vit\u00f3ria x Gr\u00eamio &#8211; Barrad\u00e3o<br \/>\n28\/07, \u00e0s 16h &#8211; Athletico x Atl\u00e9tico-GO &#8211; Arena da Baixada<br \/>\n28\/07, \u00e0s 19h15 &#8211; Santos x Juazeirense &#8211; Vila Belmiro<br \/>\n28\/07, \u00e0s 21h30 &#8211; S\u00e3o Paulo x Vasco &#8211; Morumbi<br \/>\n28\/07, \u00e0s 21h30 &#8211; Atl\u00e9tico-MG x Bahia &#8211; Mineir\u00e3o<br \/>\n29\/07, \u00e0s 16h30 &#8211; Fortaleza x CRB &#8211; Castel\u00e3o<br \/>\n29\/07, \u00e0s 20h &#8211; Flamengo x ABC &#8211; Maracan\u00e3<\/p>\n<p>Jogos de volta<\/p>\n<p>03\/08, \u00e0s 19h15 &#8211; Fluminense x Crici\u00fama &#8211; Maracan\u00e3<br \/>\n03\/08, \u00e0s 21h30 &#8211; Gr\u00eamio x Vit\u00f3ria &#8211; Arena do Gr\u00eamio<br \/>\n04\/08, \u00e0s 19h15 &#8211; Juazeirense x Santos &#8211; Adaut\u00e3o<br \/>\n04\/08, \u00e0s 21h30 &#8211; Vasco da Gama x S\u00e3o Paulo &#8211; S\u00e3o Janu\u00e1rio<br \/>\n04\/08, \u00e0s 21h30 &#8211; Bahia x Atl\u00e9tico-MG &#8211; Pitua\u00e7u<br \/>\n05\/08, \u00e0s 16h &#8211; CRB x Fortaleza &#8211; Rei Pel\u00e9<br \/>\n05\/08, \u00e0s 19h15 &#8211; Atl\u00e9tico-GO x Athletico &#8211; Ant\u00f4nio Accioly<br \/>\n05\/08, \u00e0s 21h30 &#8211; ABC x Flamengo &#8211; A definir<\/p>\n<p>&nbsp;<\/p>\n<p><strong>Fonte: GE<\/strong><\/p>\n<p>&nbsp;<\/p>\n","protected":false},"excerpt":{"rendered":"<p>A Confedera\u00e7\u00e3o Brasileira de Futebol (CBF) divulgou, na noite desta quinta-feira, as datas e os hor\u00e1rios dos confrontos v\u00e1lidos pelas oitavas de final da Copa do Brasil. Os duelos foram sorteados na \u00faltima semana. Os jogos de ida ser\u00e3o disputados entre 27, 28 e 29 de julho, e os de volta na semana seguinte &#8211; &hellip;<\/p>\n","protected":false},"author":1,"featured_media":17077,"comment_status":"closed","ping_status":"closed","sticky":false,"template":"","format":"standard","meta":{"_jetpack_newsletter_access":"","_jetpack_dont_email_post_to_subs":false,"_jetpack_newsletter_tier_id":0,"_jetpack_memberships_contains_paywalled_content":false,"_jetpack_memberships_contains_paid_content":false,"footnotes":""},"categories":[1],"tags":[],"class_list":["post-17076","post","type-post","status-publish","format-standard","has-post-thumbnail","hentry","category-destaque"],"jetpack_sharing_enabled":true,"jetpack_featured_media_url":"","_links":{"self":[{"href":"https:\/\/www.oparanews.com.br\/index.php\/wp-json\/wp\/v2\/posts\/17076","targetHints":{"allow":["GET"]}}],"collection":[{"href":"https:\/\/www.oparanews.com.br\/index.php\/wp-json\/wp\/v2\/posts"}],"about":[{"href":"https:\/\/www.oparanews.com.br\/index.php\/wp-json\/wp\/v2\/types\/post"}],"author":[{"embeddable":true,"href":"https:\/\/www.oparanews.com.br\/index.php\/wp-json\/wp\/v2\/users\/1"}],"replies":[{"embeddable":true,"href":"https:\/\/www.oparanews.com.br\/index.php\/wp-json\/wp\/v2\/comments?post=17076"}],"version-history":[{"count":0,"href":"https:\/\/www.oparanews.com.br\/index.php\/wp-json\/wp\/v2\/posts\/17076\/revisions"}],"wp:attachment":[{"href":"https:\/\/www.oparanews.com.br\/index.php\/wp-json\/wp\/v2\/media?parent=17076"}],"wp:term":[{"taxonomy":"category","embeddable":true,"href":"https:\/\/www.oparanews.com.br\/index.php\/wp-json\/wp\/v2\/categories?post=17076"},{"taxonomy":"post_tag","embeddable":true,"href":"https:\/\/www.oparanews.com.br\/index.php\/wp-json\/wp\/v2\/tags?post=17076"}],"curies":[{"name":"wp","href":"https:\/\/api.w.org\/{rel}","templated":true}]}}