{"id":17082,"date":"2021-07-02T01:46:43","date_gmt":"2021-07-02T01:46:43","guid":{"rendered":"https:\/\/oparanews.com.br\/?p=17082"},"modified":"2021-07-02T01:46:43","modified_gmt":"2021-07-02T01:46:43","slug":"brasil-ultrapassa-520-mil-mortos-por-covid-19","status":"publish","type":"post","link":"https:\/\/www.oparanews.com.br\/index.php\/2021\/07\/02\/brasil-ultrapassa-520-mil-mortos-por-covid-19\/","title":{"rendered":"Brasil ultrapassa 520 mil mortos por Covid-19"},"content":{"rendered":"<p>O Brasil registrou 1.943 mortes por Covid-19 nas \u00faltimas 24 horas, totalizando nesta quinta-feira (1\u00ba) 520.189 \u00f3bitos desde o in\u00edcio da pandemia. Com isso, a m\u00e9dia m\u00f3vel de mortes nos \u00faltimos 7 dias chegou a 1.558 &#8211;o menor n\u00famero desde o dia 8 de mar\u00e7o (quando estava em 1.540). Em compara\u00e7\u00e3o \u00e0 m\u00e9dia de 14 dias atr\u00e1s, a varia\u00e7\u00e3o foi de -24% e aponta tend\u00eancia de queda pelo quinto dia seguido, ap\u00f3s 39 dias em estabilidade ou alta.<\/p>\n<p>Tamb\u00e9m em queda, a m\u00e9dia m\u00f3vel de casos da doen\u00e7a atingiu seu menor n\u00famero desde fevereiro, abaixo de 55 mil por dia.<\/p>\n<p>Os n\u00fameros est\u00e3o no novo levantamento do cons\u00f3rcio de ve\u00edculos de imprensa sobre a situa\u00e7\u00e3o da pandemia de coronav\u00edrus no Brasil, consolidados \u00e0s 20h desta quinta. O balan\u00e7o \u00e9 feito a partir de dados das secretarias estaduais de Sa\u00fade.<\/p>\n<p>Veja a sequ\u00eancia da \u00faltima semana na m\u00e9dia m\u00f3vel:<\/p>\n<p>Sexta (25): 1.807<br \/>\nS\u00e1bado (26): 1.707<br \/>\nDomingo (27): 1.661<br \/>\nSegunda (28): 1.626<br \/>\nTer\u00e7a (29): 1.603<br \/>\nQuarta (30): 1.572<br \/>\nQuinta (1\u00b0): 1.558<\/p>\n<p>De 17 de mar\u00e7o at\u00e9 10 de maio, foram 55 dias seguidos com essa m\u00e9dia acima de 2 mil. No pior momento desse per\u00edodo, a m\u00e9dia chegou ao recorde de 3.125, no dia 12 de abril.<\/p>\n<p>Nenhum estado apresenta tend\u00eancia de alta nas mortes. Temos 10 estados em estabilidade; DF e outros 16 apontam queda no comparativo com 14 dias atr\u00e1s.<\/p>\n<p>Em casos confirmados, desde o come\u00e7o da pandemia, 18.622.199 brasileiros j\u00e1 tiveram ou t\u00eam o novo coronav\u00edrus, com 63.035 desses confirmados no \u00faltimo dia. A m\u00e9dia m\u00f3vel nos \u00faltimos 7 dias foi de 54.115 novos diagn\u00f3sticos por dia. Isso representa uma varia\u00e7\u00e3o de -24% em rela\u00e7\u00e3o aos casos registrados na m\u00e9dia h\u00e1 duas semanas, o que indica tend\u00eancia de queda tamb\u00e9m nos diagn\u00f3sticos.<\/p>\n<p>Essa \u00e9 a menor m\u00e9dia m\u00f3vel de casos desde 27 de fevereiro, quando estava em 52.910. Em seu pior momento, a curva da m\u00e9dia de diagn\u00f3sticos chegou \u00e0 marca de 77.295, no dia 23 de junho.<\/p>\n<p>&nbsp;<\/p>\n<p><strong>Fonte: G1<\/strong><\/p>\n<p>&nbsp;<\/p>\n","protected":false},"excerpt":{"rendered":"<p>O Brasil registrou 1.943 mortes por Covid-19 nas \u00faltimas 24 horas, totalizando nesta quinta-feira (1\u00ba) 520.189 \u00f3bitos desde o in\u00edcio da pandemia. Com isso, a m\u00e9dia m\u00f3vel de mortes nos \u00faltimos 7 dias chegou a 1.558 &#8211;o menor n\u00famero desde o dia 8 de mar\u00e7o (quando estava em 1.540). Em compara\u00e7\u00e3o \u00e0 m\u00e9dia de 14 &hellip;<\/p>\n","protected":false},"author":1,"featured_media":17083,"comment_status":"closed","ping_status":"closed","sticky":false,"template":"","format":"standard","meta":{"_jetpack_newsletter_access":"","_jetpack_dont_email_post_to_subs":false,"_jetpack_newsletter_tier_id":0,"_jetpack_memberships_contains_paywalled_content":false,"_jetpack_memberships_contains_paid_content":false,"footnotes":""},"categories":[1],"tags":[],"class_list":["post-17082","post","type-post","status-publish","format-standard","has-post-thumbnail","hentry","category-destaque"],"jetpack_sharing_enabled":true,"jetpack_featured_media_url":"","_links":{"self":[{"href":"https:\/\/www.oparanews.com.br\/index.php\/wp-json\/wp\/v2\/posts\/17082","targetHints":{"allow":["GET"]}}],"collection":[{"href":"https:\/\/www.oparanews.com.br\/index.php\/wp-json\/wp\/v2\/posts"}],"about":[{"href":"https:\/\/www.oparanews.com.br\/index.php\/wp-json\/wp\/v2\/types\/post"}],"author":[{"embeddable":true,"href":"https:\/\/www.oparanews.com.br\/index.php\/wp-json\/wp\/v2\/users\/1"}],"replies":[{"embeddable":true,"href":"https:\/\/www.oparanews.com.br\/index.php\/wp-json\/wp\/v2\/comments?post=17082"}],"version-history":[{"count":0,"href":"https:\/\/www.oparanews.com.br\/index.php\/wp-json\/wp\/v2\/posts\/17082\/revisions"}],"wp:attachment":[{"href":"https:\/\/www.oparanews.com.br\/index.php\/wp-json\/wp\/v2\/media?parent=17082"}],"wp:term":[{"taxonomy":"category","embeddable":true,"href":"https:\/\/www.oparanews.com.br\/index.php\/wp-json\/wp\/v2\/categories?post=17082"},{"taxonomy":"post_tag","embeddable":true,"href":"https:\/\/www.oparanews.com.br\/index.php\/wp-json\/wp\/v2\/tags?post=17082"}],"curies":[{"name":"wp","href":"https:\/\/api.w.org\/{rel}","templated":true}]}}