{"id":17085,"date":"2021-07-02T01:48:25","date_gmt":"2021-07-02T01:48:25","guid":{"rendered":"https:\/\/oparanews.com.br\/?p=17085"},"modified":"2021-07-02T01:48:25","modified_gmt":"2021-07-02T01:48:25","slug":"brasil-passa-de-100-milhoes-de-doses-aplicadas-contra-covid","status":"publish","type":"post","link":"https:\/\/www.oparanews.com.br\/index.php\/2021\/07\/02\/brasil-passa-de-100-milhoes-de-doses-aplicadas-contra-covid\/","title":{"rendered":"Brasil passa de 100 milh\u00f5es de doses aplicadas contra covid"},"content":{"rendered":"<p>O Brasil ultrapassou nesta quinta-feira, 1, a marca de 100 milh\u00f5es de doses de vacinas contra covid-19 aplicadas na popula\u00e7\u00e3o. Segundo dados reunidos pelo cons\u00f3rcio de ve\u00edculos de imprensa, o n\u00famero chegou a 101.120.461, sendo 74,5 milh\u00f5es relativos \u00e0 primeira dose e 26,58 milh\u00f5es relativos \u00e0 segunda dose ou dose \u00fanica.<\/p>\n<p>Os dados mostram que o Pa\u00eds tem 35,2% da popula\u00e7\u00e3o imunizada com ao menos a primeira dose e 12,55% com a imuniza\u00e7\u00e3o completa, seja pelas duas doses ou pela dose \u00fanica. Nesta quinta-feira, foram aplicadas 1.282.381 doses, segundo registros fornecidos por 25 Estados.<\/p>\n<p>Em n\u00fameros absolutos, a maior parte dessas doses foi aplicada em S\u00e3o Paulo, o Estado mais populoso do Pa\u00eds. Moradores das cidades paulistas receberam 25,5 milh\u00f5es de doses, sendo 19,3 milh\u00f5es de primeira dose e 6,2 milh\u00f5es de segunda dose. Outras 221 mil doses \u00fanicas tamb\u00e9m j\u00e1 foram aplicadas.<\/p>\n<p>Em n\u00fameros proporcionais \u00e0 popula\u00e7\u00e3o, a campanha tamb\u00e9m est\u00e1 mais avan\u00e7ada em S\u00e3o Paulo, onde 41,82% da popula\u00e7\u00e3o j\u00e1 recebeu ao menos a primeira dose. J\u00e1 na an\u00e1lise da vacina\u00e7\u00e3o completa, o Estado de Mato Grosso do Sul est\u00e1 \u00e0 frente, com 17,49% dos habitantes imunizados.<\/p>\n<p>&nbsp;<\/p>\n<p><strong>por Marco Ant\u00f4nio Carvalho &#8211; Terra<\/strong><\/p>\n<p>&nbsp;<\/p>\n","protected":false},"excerpt":{"rendered":"<p>O Brasil ultrapassou nesta quinta-feira, 1, a marca de 100 milh\u00f5es de doses de vacinas contra covid-19 aplicadas na popula\u00e7\u00e3o. Segundo dados reunidos pelo cons\u00f3rcio de ve\u00edculos de imprensa, o n\u00famero chegou a 101.120.461, sendo 74,5 milh\u00f5es relativos \u00e0 primeira dose e 26,58 milh\u00f5es relativos \u00e0 segunda dose ou dose \u00fanica. Os dados mostram que &hellip;<\/p>\n","protected":false},"author":1,"featured_media":17086,"comment_status":"closed","ping_status":"closed","sticky":false,"template":"","format":"standard","meta":{"_jetpack_newsletter_access":"","_jetpack_dont_email_post_to_subs":false,"_jetpack_newsletter_tier_id":0,"_jetpack_memberships_contains_paywalled_content":false,"_jetpack_memberships_contains_paid_content":false,"footnotes":""},"categories":[1],"tags":[],"class_list":["post-17085","post","type-post","status-publish","format-standard","has-post-thumbnail","hentry","category-destaque"],"jetpack_sharing_enabled":true,"jetpack_featured_media_url":"","_links":{"self":[{"href":"https:\/\/www.oparanews.com.br\/index.php\/wp-json\/wp\/v2\/posts\/17085","targetHints":{"allow":["GET"]}}],"collection":[{"href":"https:\/\/www.oparanews.com.br\/index.php\/wp-json\/wp\/v2\/posts"}],"about":[{"href":"https:\/\/www.oparanews.com.br\/index.php\/wp-json\/wp\/v2\/types\/post"}],"author":[{"embeddable":true,"href":"https:\/\/www.oparanews.com.br\/index.php\/wp-json\/wp\/v2\/users\/1"}],"replies":[{"embeddable":true,"href":"https:\/\/www.oparanews.com.br\/index.php\/wp-json\/wp\/v2\/comments?post=17085"}],"version-history":[{"count":0,"href":"https:\/\/www.oparanews.com.br\/index.php\/wp-json\/wp\/v2\/posts\/17085\/revisions"}],"wp:attachment":[{"href":"https:\/\/www.oparanews.com.br\/index.php\/wp-json\/wp\/v2\/media?parent=17085"}],"wp:term":[{"taxonomy":"category","embeddable":true,"href":"https:\/\/www.oparanews.com.br\/index.php\/wp-json\/wp\/v2\/categories?post=17085"},{"taxonomy":"post_tag","embeddable":true,"href":"https:\/\/www.oparanews.com.br\/index.php\/wp-json\/wp\/v2\/tags?post=17085"}],"curies":[{"name":"wp","href":"https:\/\/api.w.org\/{rel}","templated":true}]}}