{"id":17088,"date":"2021-07-02T12:05:24","date_gmt":"2021-07-02T12:05:24","guid":{"rendered":"https:\/\/oparanews.com.br\/?p=17088"},"modified":"2021-07-02T12:05:24","modified_gmt":"2021-07-02T12:05:24","slug":"vereador-rodrigo-regueira-faz-reivindicacoes-para-cemiterios-de-penedo","status":"publish","type":"post","link":"https:\/\/www.oparanews.com.br\/index.php\/2021\/07\/02\/vereador-rodrigo-regueira-faz-reivindicacoes-para-cemiterios-de-penedo\/","title":{"rendered":"Vereador Rodrigo Regueira faz reivindica\u00e7\u00f5es para cemit\u00e9rios de Penedo"},"content":{"rendered":"<p>O Vereador Rodrigo Regueira externou seu pesar \u00e0 fam\u00edlia do colega parlamentar Marcelo Pereira pelo falecimento de Roberto Pereira, pai do edil que faleceu em decorr\u00eancia de Covid-19.<\/p>\n<p>Roberto Pereira, mais conhecido como Beto, era servidor da C\u00e2mara Municipal de Penedo e pessoa do conv\u00edvio pessoal de Rodrigo Regueira, amigo da fam\u00edlia enlutada.<\/p>\n<p>Rodrigo Regueira tamb\u00e9m foi acometido pela mesma doen\u00e7a, ainda que de forma branda e j\u00e1 est\u00e1 recuperado. Sobre o tema, ele pediu que todos se cuidem, alertando para a necessidade da vacina neste momento t\u00e3o dif\u00edcil para o pa\u00eds.<\/p>\n<p>Na forma de requerimento, o vereador cobra da Superintend\u00eancia de Ilumina\u00e7\u00e3o P\u00fablica investimentos dentro e fora do Cemit\u00e9rio S\u00e3o Gon\u00e7alo do Amarante e do campo santo da comunidade Cacimbinhas devido a precariedade do servi\u00e7o nos locais citados.<\/p>\n<p>Ainda em rela\u00e7\u00e3o ao Cemit\u00e9rio S\u00e3o Gon\u00e7alo do Amarante, Rodrigo Regueira pede o devido restauro do p\u00f3rtico da entrada principal, com aditivo do vereador e presidente J\u00fanior do T\u00f3 para a realiza\u00e7\u00e3o de ampla reforma no referido cemit\u00e9rio.<\/p>\n<p>&nbsp;<\/p>\n<p><strong>Fonte: Ascom CMP<br \/>\n<\/strong><\/p>\n<p>&nbsp;<\/p>\n","protected":false},"excerpt":{"rendered":"<p>O Vereador Rodrigo Regueira externou seu pesar \u00e0 fam\u00edlia do colega parlamentar Marcelo Pereira pelo falecimento de Roberto Pereira, pai do edil que faleceu em decorr\u00eancia de Covid-19. Roberto Pereira, mais conhecido como Beto, era servidor da C\u00e2mara Municipal de Penedo e pessoa do conv\u00edvio pessoal de Rodrigo Regueira, amigo da fam\u00edlia enlutada. Rodrigo Regueira &hellip;<\/p>\n","protected":false},"author":1,"featured_media":17089,"comment_status":"closed","ping_status":"closed","sticky":false,"template":"","format":"standard","meta":{"_jetpack_newsletter_access":"","_jetpack_dont_email_post_to_subs":false,"_jetpack_newsletter_tier_id":0,"_jetpack_memberships_contains_paywalled_content":false,"_jetpack_memberships_contains_paid_content":false,"footnotes":""},"categories":[1],"tags":[],"class_list":["post-17088","post","type-post","status-publish","format-standard","has-post-thumbnail","hentry","category-destaque"],"jetpack_sharing_enabled":true,"jetpack_featured_media_url":"","_links":{"self":[{"href":"https:\/\/www.oparanews.com.br\/index.php\/wp-json\/wp\/v2\/posts\/17088","targetHints":{"allow":["GET"]}}],"collection":[{"href":"https:\/\/www.oparanews.com.br\/index.php\/wp-json\/wp\/v2\/posts"}],"about":[{"href":"https:\/\/www.oparanews.com.br\/index.php\/wp-json\/wp\/v2\/types\/post"}],"author":[{"embeddable":true,"href":"https:\/\/www.oparanews.com.br\/index.php\/wp-json\/wp\/v2\/users\/1"}],"replies":[{"embeddable":true,"href":"https:\/\/www.oparanews.com.br\/index.php\/wp-json\/wp\/v2\/comments?post=17088"}],"version-history":[{"count":0,"href":"https:\/\/www.oparanews.com.br\/index.php\/wp-json\/wp\/v2\/posts\/17088\/revisions"}],"wp:attachment":[{"href":"https:\/\/www.oparanews.com.br\/index.php\/wp-json\/wp\/v2\/media?parent=17088"}],"wp:term":[{"taxonomy":"category","embeddable":true,"href":"https:\/\/www.oparanews.com.br\/index.php\/wp-json\/wp\/v2\/categories?post=17088"},{"taxonomy":"post_tag","embeddable":true,"href":"https:\/\/www.oparanews.com.br\/index.php\/wp-json\/wp\/v2\/tags?post=17088"}],"curies":[{"name":"wp","href":"https:\/\/api.w.org\/{rel}","templated":true}]}}