{"id":17091,"date":"2021-07-02T12:06:20","date_gmt":"2021-07-02T12:06:20","guid":{"rendered":"https:\/\/oparanews.com.br\/?p=17091"},"modified":"2021-07-02T12:06:20","modified_gmt":"2021-07-02T12:06:20","slug":"vereador-dr-epson-requer-calcamento-para-rua-santa-catarina-localizada-na-vila-matias","status":"publish","type":"post","link":"https:\/\/www.oparanews.com.br\/index.php\/2021\/07\/02\/vereador-dr-epson-requer-calcamento-para-rua-santa-catarina-localizada-na-vila-matias\/","title":{"rendered":"Vereador Dr Epson requer cal\u00e7amento para Rua Santa Catarina, localizada na Vila Matias"},"content":{"rendered":"<p>O Vereador Dr. Epson (Jos\u00e9 Epson Valente Costa) requer da Secretaria Municipal de Servi\u00e7os P\u00fablicos cal\u00e7amento para a Rua Santa Catarina, localizada na Vila Matias. Ele esteve na referida localidade a pedido dos moradores e constatou a necessidade de pavimenta\u00e7\u00e3o.<\/p>\n<p>Al\u00e9m do requerimento feito na sess\u00e3o desta quinta-feira, 01 de julho, o parlamentar prestou condol\u00eancias ao edil Marcelo Pereira e fam\u00edlia devido ao falecimento do pai do parlamentar, Roberto Pereira, v\u00edtima de Covid-19, assim como se solidarizou com a recupera\u00e7\u00e3o e o retomo ao plen\u00e1rio virtual do colega Denys Reis.<\/p>\n<p>Dr. Epson tamb\u00e9m falou sobre a gravidade da doen\u00e7a e pessoas que, por ignor\u00e2ncia ou m\u00e1 influ\u00eancia, n\u00e3o acreditam na exist\u00eancia do coronav\u00edrus, inclusive gente supostamente esclarecida que considera o v\u00edrus uma \u201cpiada\u201d, conforme comentou.<\/p>\n<p>Quem ignora o coronav\u00edrus se recusa a seguir medidas de preven\u00e7\u00e3o, como uso de m\u00e1scara e evitar aglomera\u00e7\u00f5es, at\u00e9 que a pandemia come\u00e7a a atingir pessoas queridas e familiares, um choque que a realidade imp\u00f5e aos que se negam a acreditar na ci\u00eancia.<\/p>\n<p>&nbsp;<\/p>\n<p><strong>Fonte: Ascom CMP<\/strong><\/p>\n<p>&nbsp;<\/p>\n","protected":false},"excerpt":{"rendered":"<p>O Vereador Dr. Epson (Jos\u00e9 Epson Valente Costa) requer da Secretaria Municipal de Servi\u00e7os P\u00fablicos cal\u00e7amento para a Rua Santa Catarina, localizada na Vila Matias. Ele esteve na referida localidade a pedido dos moradores e constatou a necessidade de pavimenta\u00e7\u00e3o. Al\u00e9m do requerimento feito na sess\u00e3o desta quinta-feira, 01 de julho, o parlamentar prestou condol\u00eancias &hellip;<\/p>\n","protected":false},"author":1,"featured_media":17092,"comment_status":"closed","ping_status":"closed","sticky":false,"template":"","format":"standard","meta":{"_jetpack_newsletter_access":"","_jetpack_dont_email_post_to_subs":false,"_jetpack_newsletter_tier_id":0,"_jetpack_memberships_contains_paywalled_content":false,"_jetpack_memberships_contains_paid_content":false,"footnotes":""},"categories":[1],"tags":[],"class_list":["post-17091","post","type-post","status-publish","format-standard","has-post-thumbnail","hentry","category-destaque"],"jetpack_sharing_enabled":true,"jetpack_featured_media_url":"","_links":{"self":[{"href":"https:\/\/www.oparanews.com.br\/index.php\/wp-json\/wp\/v2\/posts\/17091","targetHints":{"allow":["GET"]}}],"collection":[{"href":"https:\/\/www.oparanews.com.br\/index.php\/wp-json\/wp\/v2\/posts"}],"about":[{"href":"https:\/\/www.oparanews.com.br\/index.php\/wp-json\/wp\/v2\/types\/post"}],"author":[{"embeddable":true,"href":"https:\/\/www.oparanews.com.br\/index.php\/wp-json\/wp\/v2\/users\/1"}],"replies":[{"embeddable":true,"href":"https:\/\/www.oparanews.com.br\/index.php\/wp-json\/wp\/v2\/comments?post=17091"}],"version-history":[{"count":0,"href":"https:\/\/www.oparanews.com.br\/index.php\/wp-json\/wp\/v2\/posts\/17091\/revisions"}],"wp:attachment":[{"href":"https:\/\/www.oparanews.com.br\/index.php\/wp-json\/wp\/v2\/media?parent=17091"}],"wp:term":[{"taxonomy":"category","embeddable":true,"href":"https:\/\/www.oparanews.com.br\/index.php\/wp-json\/wp\/v2\/categories?post=17091"},{"taxonomy":"post_tag","embeddable":true,"href":"https:\/\/www.oparanews.com.br\/index.php\/wp-json\/wp\/v2\/tags?post=17091"}],"curies":[{"name":"wp","href":"https:\/\/api.w.org\/{rel}","templated":true}]}}