{"id":17099,"date":"2021-07-03T12:56:37","date_gmt":"2021-07-03T12:56:37","guid":{"rendered":"https:\/\/oparanews.com.br\/?p=17099"},"modified":"2021-07-03T12:56:37","modified_gmt":"2021-07-03T12:56:37","slug":"acesso-a-tarifa-social-de-energia-eletrica-e-facilitado-pela-prefeitura-de-penedo","status":"publish","type":"post","link":"https:\/\/www.oparanews.com.br\/index.php\/2021\/07\/03\/acesso-a-tarifa-social-de-energia-eletrica-e-facilitado-pela-prefeitura-de-penedo\/","title":{"rendered":"Acesso \u00e0 Tarifa Social de energia el\u00e9trica \u00e9 facilitado pela Prefeitura de Penedo"},"content":{"rendered":"<p>O acesso \u00e0 Tarifa Social de energia el\u00e9trica est\u00e1 mais f\u00e1cil para fam\u00edlias penedenses, inclusive da zona rural do munic\u00edpio.<\/p>\n<p>Em pareceria com a empresa Equatorial Energia Alagoas, a Prefeitura de Penedo viabiliza a inclus\u00e3o ao direito para fam\u00edlias em situa\u00e7\u00e3o de vulnerabilidade social, sem a necessidade de fazer o procedimento em um posto do J\u00c1.<\/p>\n<p>\u201cAgora, as pessoas podem solicitar a Tarifa Social e Rural em nossos servi\u00e7os, facilitando o acesso \u00e0s fam\u00edlias de baixa renda que est\u00e3o no Cadastro \u00danico de receberem desconto em sua conta de energia\u201d, explica Fernando Rodrigues, respons\u00e1vel pela articula\u00e7\u00e3o do Projeto SOMOS, desenvolvido pela Secretaria Municipal de Desenvolvimento Social e Habita\u00e7\u00e3o (SEMDSH) com a Equatorial Alagoas.<\/p>\n<p>Na pr\u00e1tica, quem est\u00e1 inserido no Cadastro \u00danico s\u00f3 precisa solicitar o desconto em sua conta mensal de luz na sede da SEMDSH ou nos setores da pasta.<\/p>\n<p>O pedido ser\u00e1 avaliado, com acesso dispon\u00edvel nos CRAS dos bairros Senhor do Bonfim\/Oiteiro e Santo Ant\u00f4nio\/Barro Vermelho; no CREAS (localizado na Rodovia Eng Joaquim Gon\u00e7alves, pr\u00f3ximo do antigo Cart\u00f3rio Eleitoral) e tamb\u00e9m no Servi\u00e7o de Conviv\u00eancia e Fortalecimento de V\u00ednculos (SCFV, que funciona ao lado do antigo SESI).<\/p>\n<p>Fernando Rodrigues acrescenta que as fam\u00edlias da zona rural ser\u00e3o atendidas por meio de busca ativa, trabalho regular da gest\u00e3o Crescendo Com Seu Povo que leva servi\u00e7os aos que mais necessitam do poder p\u00fablico.<\/p>\n<p>\u201cO benef\u00edcio \u00e9 de suma import\u00e2ncia para os moradores e trabalhadores rurais, que possuem instala\u00e7\u00f5es classificadas como Rural, Rural Irrigante e Servi\u00e7o P\u00fablico de Irriga\u00e7\u00e3o Rural El\u00e9trica\u201d, explica o representante da SEMDSH.<\/p>\n<p>O desconto na conta de luz varia conforme a m\u00e9dia de consumo mensal, sendo de 65% para uso de energia el\u00e9trica inferior ou igual a 30 kWh\/m\u00eas. Entre 31 kWh\/m\u00eas e 100 kWh\/m\u00eas, o desconto ser\u00e1 de 40%.<\/p>\n<p>Para quem consume de 101 kWh\/m\u00eas a 220 kWh\/m\u00eas, o desconto ser\u00e1 de 10%. Acima de 220 kWh\/m\u00eas, n\u00e3o h\u00e1 desconto, conforme tabela estipulada pelo Minist\u00e9rio de Minas e Energia.<\/p>\n<p>&nbsp;<\/p>\n<p><strong>por Fernando Vin\u00edcius \u2013 Decom PMP<\/strong><\/p>\n<p>&nbsp;<\/p>\n","protected":false},"excerpt":{"rendered":"<p>O acesso \u00e0 Tarifa Social de energia el\u00e9trica est\u00e1 mais f\u00e1cil para fam\u00edlias penedenses, inclusive da zona rural do munic\u00edpio. Em pareceria com a empresa Equatorial Energia Alagoas, a Prefeitura de Penedo viabiliza a inclus\u00e3o ao direito para fam\u00edlias em situa\u00e7\u00e3o de vulnerabilidade social, sem a necessidade de fazer o procedimento em um posto do &hellip;<\/p>\n","protected":false},"author":1,"featured_media":17100,"comment_status":"closed","ping_status":"closed","sticky":false,"template":"","format":"standard","meta":{"_jetpack_newsletter_access":"","_jetpack_dont_email_post_to_subs":false,"_jetpack_newsletter_tier_id":0,"_jetpack_memberships_contains_paywalled_content":false,"_jetpack_memberships_contains_paid_content":false,"footnotes":""},"categories":[1],"tags":[],"class_list":["post-17099","post","type-post","status-publish","format-standard","has-post-thumbnail","hentry","category-destaque"],"jetpack_sharing_enabled":true,"jetpack_featured_media_url":"","_links":{"self":[{"href":"https:\/\/www.oparanews.com.br\/index.php\/wp-json\/wp\/v2\/posts\/17099","targetHints":{"allow":["GET"]}}],"collection":[{"href":"https:\/\/www.oparanews.com.br\/index.php\/wp-json\/wp\/v2\/posts"}],"about":[{"href":"https:\/\/www.oparanews.com.br\/index.php\/wp-json\/wp\/v2\/types\/post"}],"author":[{"embeddable":true,"href":"https:\/\/www.oparanews.com.br\/index.php\/wp-json\/wp\/v2\/users\/1"}],"replies":[{"embeddable":true,"href":"https:\/\/www.oparanews.com.br\/index.php\/wp-json\/wp\/v2\/comments?post=17099"}],"version-history":[{"count":0,"href":"https:\/\/www.oparanews.com.br\/index.php\/wp-json\/wp\/v2\/posts\/17099\/revisions"}],"wp:attachment":[{"href":"https:\/\/www.oparanews.com.br\/index.php\/wp-json\/wp\/v2\/media?parent=17099"}],"wp:term":[{"taxonomy":"category","embeddable":true,"href":"https:\/\/www.oparanews.com.br\/index.php\/wp-json\/wp\/v2\/categories?post=17099"},{"taxonomy":"post_tag","embeddable":true,"href":"https:\/\/www.oparanews.com.br\/index.php\/wp-json\/wp\/v2\/tags?post=17099"}],"curies":[{"name":"wp","href":"https:\/\/api.w.org\/{rel}","templated":true}]}}