{"id":17102,"date":"2021-07-03T13:00:24","date_gmt":"2021-07-03T13:00:24","guid":{"rendered":"https:\/\/oparanews.com.br\/?p=17102"},"modified":"2021-07-03T13:00:24","modified_gmt":"2021-07-03T13:00:24","slug":"projeto-penedo-mais-verde-planta-mais-de-25-mil-mudas-de-arvores-da-mata-atlantica","status":"publish","type":"post","link":"https:\/\/www.oparanews.com.br\/index.php\/2021\/07\/03\/projeto-penedo-mais-verde-planta-mais-de-25-mil-mudas-de-arvores-da-mata-atlantica\/","title":{"rendered":"Projeto Penedo Mais Verde planta mais de 25 mil mudas de \u00e1rvores da Mata Atl\u00e2ntica"},"content":{"rendered":"<p>Mudas de \u00e1rvores nativas da Mata Atl\u00e2ntica foram plantadas em espa\u00e7os p\u00fablicos de Penedo nesta sexta-feira, 02 de julho, mais uma a\u00e7\u00e3o do Projeto Penedo Mais Verde.<\/p>\n<p>Somente este ano, mais de vinte e cinco mil mudas de \u00e1rvores como ip\u00ea roxo e amarelo, canaf\u00edstula, craibeira e outras variedades do bioma foram plantadas em Penedo.<\/p>\n<p>O trabalho \u00e9 desenvolvido por meio de parceria entre a Secretaria Municipal de Meio Ambiente e Recursos H\u00eddricos (Semarh) e o Instituto de Meio Ambiente de Alagoas (IMA), \u00f3rg\u00e3o que alcan\u00e7a a marca de um milh\u00e3o de mudas plantadas em todo estado.<\/p>\n<p><a href=\"https:\/\/oparanews.com.br\/projeto-penedo-mais-verde-planta-mais-de-25-mil-mudas-de-arvores-da-mata-atlantica\/sem-titulo-3698\/\" rel=\"attachment wp-att-17104\"><img loading=\"lazy\" decoding=\"async\" class=\"alignleft size-medium wp-image-17104\" src=\"https:\/\/oparanews.com.br\/wp-content\/uploads\/2021\/07\/Sem-t\u00edtulo-2-254x300.png\" alt=\"\" width=\"254\" height=\"300\" \/><\/a>A a\u00e7\u00e3o conjunta realizada pelo Projeto Penedo Mais Verde tamb\u00e9m ocorre na APA do Marituba, \u00e1rea de preserva\u00e7\u00e3o ambiental onde locais degradados receberam mudas para recomposi\u00e7\u00e3o da flora nativa.<\/p>\n<p>O Projeto Penedo Mais Verde \u00e9 desenvolvido desde 2016, \u00e0 \u00e9poca em parceria com a unidade local do Instituto Federal de Alagoas, com a participa\u00e7\u00e3o de estudantes e professores nos mutir\u00f5es de arboriza\u00e7\u00e3o de bairros da cidade.<\/p>\n<p>Pra\u00e7as de Penedo e a orla ribeirinha tamb\u00e9m j\u00e1 foram contempladas pelo projeto que visa preservar do meio ambiente e deixar a cidade mais bonita.<\/p>\n<p>&nbsp;<\/p>\n<p><strong>por Fernando Vin\u00edcius \u2013 Decom PMP<\/strong><\/p>\n<p>&nbsp;<\/p>\n","protected":false},"excerpt":{"rendered":"<p>Mudas de \u00e1rvores nativas da Mata Atl\u00e2ntica foram plantadas em espa\u00e7os p\u00fablicos de Penedo nesta sexta-feira, 02 de julho, mais uma a\u00e7\u00e3o do Projeto Penedo Mais Verde. Somente este ano, mais de vinte e cinco mil mudas de \u00e1rvores como ip\u00ea roxo e amarelo, canaf\u00edstula, craibeira e outras variedades do bioma foram plantadas em Penedo. &hellip;<\/p>\n","protected":false},"author":1,"featured_media":17103,"comment_status":"closed","ping_status":"closed","sticky":false,"template":"","format":"standard","meta":{"_jetpack_newsletter_access":"","_jetpack_dont_email_post_to_subs":false,"_jetpack_newsletter_tier_id":0,"_jetpack_memberships_contains_paywalled_content":false,"_jetpack_memberships_contains_paid_content":false,"footnotes":""},"categories":[1],"tags":[],"class_list":["post-17102","post","type-post","status-publish","format-standard","has-post-thumbnail","hentry","category-destaque"],"jetpack_sharing_enabled":true,"jetpack_featured_media_url":"","_links":{"self":[{"href":"https:\/\/www.oparanews.com.br\/index.php\/wp-json\/wp\/v2\/posts\/17102","targetHints":{"allow":["GET"]}}],"collection":[{"href":"https:\/\/www.oparanews.com.br\/index.php\/wp-json\/wp\/v2\/posts"}],"about":[{"href":"https:\/\/www.oparanews.com.br\/index.php\/wp-json\/wp\/v2\/types\/post"}],"author":[{"embeddable":true,"href":"https:\/\/www.oparanews.com.br\/index.php\/wp-json\/wp\/v2\/users\/1"}],"replies":[{"embeddable":true,"href":"https:\/\/www.oparanews.com.br\/index.php\/wp-json\/wp\/v2\/comments?post=17102"}],"version-history":[{"count":0,"href":"https:\/\/www.oparanews.com.br\/index.php\/wp-json\/wp\/v2\/posts\/17102\/revisions"}],"wp:attachment":[{"href":"https:\/\/www.oparanews.com.br\/index.php\/wp-json\/wp\/v2\/media?parent=17102"}],"wp:term":[{"taxonomy":"category","embeddable":true,"href":"https:\/\/www.oparanews.com.br\/index.php\/wp-json\/wp\/v2\/categories?post=17102"},{"taxonomy":"post_tag","embeddable":true,"href":"https:\/\/www.oparanews.com.br\/index.php\/wp-json\/wp\/v2\/tags?post=17102"}],"curies":[{"name":"wp","href":"https:\/\/api.w.org\/{rel}","templated":true}]}}