{"id":17112,"date":"2021-07-03T13:46:51","date_gmt":"2021-07-03T13:46:51","guid":{"rendered":"https:\/\/oparanews.com.br\/?p=17112"},"modified":"2021-07-03T13:46:51","modified_gmt":"2021-07-03T13:46:51","slug":"convocacao-sociedade-dos-amigos-da-marinha-do-baixo-sao-francisco","status":"publish","type":"post","link":"https:\/\/www.oparanews.com.br\/index.php\/2021\/07\/03\/convocacao-sociedade-dos-amigos-da-marinha-do-baixo-sao-francisco\/","title":{"rendered":"CONVOCA\u00c7\u00c3O: Sociedade dos Amigos da Marinha do Baixo S\u00e3o Francisco"},"content":{"rendered":"<p>EDITAL DE CONVOCA\u00c7\u00c3O<\/p>\n<p>O Presidente do Conselho Superior da Sociedade de Amigos da Marinha do Baixo S\u00e3o Francisco, no uso das atribui\u00e7\u00f5es que lhe confere o artigo 30, 67, 68, 69, 70, 71 e 72 do Estatuto da SOAMAR DO BAIXO S\u00c3O FRANCISCO, e do Oficio n\u00ba 002\/2021 \u2013 SOCIEDADE AMIGOS DA MARINHA DO BRASIL \/ CENTRO DE COMUNICA\u00c7\u00c3O SOCIAL DA MARINHA \u2013CCSM: \u201cRecomenda\u00e7\u00e3o para Ado\u00e7\u00e3o de Procedimentos Especiais a Serem Adotados durante o Processo Eleitoral das SOAMAR Regionais em Fun\u00e7\u00e3o da Necessidade de Seguran\u00e7a Sanit\u00e1ria em Tempos de Pandemia\u201d, em especial no seu item 2 \u2013 \u201cPossibilidade de representa\u00e7\u00e3o por procura\u00e7\u00e3o registrada em cart\u00f3rio\u201d, vem pelo presente convocar todos os associados, quites com suas obriga\u00e7\u00f5es estatut\u00e1rias, para as Elei\u00e7\u00f5es do Conselho Deliberativo, Conselho Fiscal e Diretoria Executava, a realizar-se em sua Sede,situada \u00e0 Avenida Duque de Caxias, n\u00ba 152 \u2013 Centro &#8211; Penedo\/AL, no per\u00edodo compreendido entre \u00e0s 08:00hse 12:00hs, do dia 17 de julho de 2021.<\/p>\n<p>Penedo, AL, 02 de julho de 2021.<\/p>\n<p style=\"text-align: center;\">\n<strong>WENDELL PETROCELLI DE LIMA<\/strong><br \/>\n<em>Capit\u00e3o de Fragata<\/em><br \/>\n<em>Capit\u00e3o dos Portos de Alagoas<\/em><br \/>\n<em>Presidente do Conselho Superior<\/em><\/p>\n<p>por divulga\u00e7\u00e3o<\/p>\n","protected":false},"excerpt":{"rendered":"<p>EDITAL DE CONVOCA\u00c7\u00c3O O Presidente do Conselho Superior da Sociedade de Amigos da Marinha do Baixo S\u00e3o Francisco, no uso das atribui\u00e7\u00f5es que lhe confere o artigo 30, 67, 68, 69, 70, 71 e 72 do Estatuto da SOAMAR DO BAIXO S\u00c3O FRANCISCO, e do Oficio n\u00ba 002\/2021 \u2013 SOCIEDADE AMIGOS DA MARINHA DO BRASIL &hellip;<\/p>\n","protected":false},"author":1,"featured_media":17113,"comment_status":"closed","ping_status":"closed","sticky":false,"template":"","format":"standard","meta":{"_jetpack_newsletter_access":"","_jetpack_dont_email_post_to_subs":false,"_jetpack_newsletter_tier_id":0,"_jetpack_memberships_contains_paywalled_content":false,"_jetpack_memberships_contains_paid_content":false,"footnotes":""},"categories":[1],"tags":[],"class_list":["post-17112","post","type-post","status-publish","format-standard","has-post-thumbnail","hentry","category-destaque"],"jetpack_sharing_enabled":true,"jetpack_featured_media_url":"","_links":{"self":[{"href":"https:\/\/www.oparanews.com.br\/index.php\/wp-json\/wp\/v2\/posts\/17112","targetHints":{"allow":["GET"]}}],"collection":[{"href":"https:\/\/www.oparanews.com.br\/index.php\/wp-json\/wp\/v2\/posts"}],"about":[{"href":"https:\/\/www.oparanews.com.br\/index.php\/wp-json\/wp\/v2\/types\/post"}],"author":[{"embeddable":true,"href":"https:\/\/www.oparanews.com.br\/index.php\/wp-json\/wp\/v2\/users\/1"}],"replies":[{"embeddable":true,"href":"https:\/\/www.oparanews.com.br\/index.php\/wp-json\/wp\/v2\/comments?post=17112"}],"version-history":[{"count":0,"href":"https:\/\/www.oparanews.com.br\/index.php\/wp-json\/wp\/v2\/posts\/17112\/revisions"}],"wp:attachment":[{"href":"https:\/\/www.oparanews.com.br\/index.php\/wp-json\/wp\/v2\/media?parent=17112"}],"wp:term":[{"taxonomy":"category","embeddable":true,"href":"https:\/\/www.oparanews.com.br\/index.php\/wp-json\/wp\/v2\/categories?post=17112"},{"taxonomy":"post_tag","embeddable":true,"href":"https:\/\/www.oparanews.com.br\/index.php\/wp-json\/wp\/v2\/tags?post=17112"}],"curies":[{"name":"wp","href":"https:\/\/api.w.org\/{rel}","templated":true}]}}