{"id":17123,"date":"2021-07-04T00:13:56","date_gmt":"2021-07-04T00:13:56","guid":{"rendered":"https:\/\/oparanews.com.br\/?p=17123"},"modified":"2021-07-04T00:13:56","modified_gmt":"2021-07-04T00:13:56","slug":"todos-os-estados-e-o-df-tem-atos-contra-bolsonaro","status":"publish","type":"post","link":"https:\/\/www.oparanews.com.br\/index.php\/2021\/07\/04\/todos-os-estados-e-o-df-tem-atos-contra-bolsonaro\/","title":{"rendered":"Todos os estados e o DF t\u00eam atos contra Bolsonaro"},"content":{"rendered":"<p>Manifestantes foram \u00e0s ruas neste s\u00e1bado (3) para protestos contra o presidente Jair Bolsonaro (sem partido) e em defesa da vacina\u00e7\u00e3o contra Covid-19. Foram registrados atos em todos os Estados e Distrito Federal, em mais de 110 cidades brasileiras e em dezenas de capitais europeias.<\/p>\n<p>Assim como aconteceu em atos semelhantes em maio e junho, as manifesta\u00e7\u00f5es foram pac\u00edficas. No geral, os manifestantes pediam mais vacina, o impeachment de Bolsonaro e volta do aux\u00edlio emergencial de R$ 600.<\/p>\n<p>A maioria dos manifestantes usava m\u00e1scara. Em alguns momentos, houve aglomera\u00e7\u00e3o, apesar dos alertas sobre distanciamento social.<\/p>\n<p>&nbsp;<\/p>\n<p><strong>Fonte: G1<\/strong><\/p>\n<p>&nbsp;<\/p>\n","protected":false},"excerpt":{"rendered":"<p>Manifestantes foram \u00e0s ruas neste s\u00e1bado (3) para protestos contra o presidente Jair Bolsonaro (sem partido) e em defesa da vacina\u00e7\u00e3o contra Covid-19. Foram registrados atos em todos os Estados e Distrito Federal, em mais de 110 cidades brasileiras e em dezenas de capitais europeias. Assim como aconteceu em atos semelhantes em maio e junho, &hellip;<\/p>\n","protected":false},"author":1,"featured_media":17124,"comment_status":"closed","ping_status":"closed","sticky":false,"template":"","format":"standard","meta":{"_jetpack_newsletter_access":"","_jetpack_dont_email_post_to_subs":false,"_jetpack_newsletter_tier_id":0,"_jetpack_memberships_contains_paywalled_content":false,"_jetpack_memberships_contains_paid_content":false,"footnotes":""},"categories":[1],"tags":[],"class_list":["post-17123","post","type-post","status-publish","format-standard","has-post-thumbnail","hentry","category-destaque"],"jetpack_sharing_enabled":true,"jetpack_featured_media_url":"","_links":{"self":[{"href":"https:\/\/www.oparanews.com.br\/index.php\/wp-json\/wp\/v2\/posts\/17123","targetHints":{"allow":["GET"]}}],"collection":[{"href":"https:\/\/www.oparanews.com.br\/index.php\/wp-json\/wp\/v2\/posts"}],"about":[{"href":"https:\/\/www.oparanews.com.br\/index.php\/wp-json\/wp\/v2\/types\/post"}],"author":[{"embeddable":true,"href":"https:\/\/www.oparanews.com.br\/index.php\/wp-json\/wp\/v2\/users\/1"}],"replies":[{"embeddable":true,"href":"https:\/\/www.oparanews.com.br\/index.php\/wp-json\/wp\/v2\/comments?post=17123"}],"version-history":[{"count":0,"href":"https:\/\/www.oparanews.com.br\/index.php\/wp-json\/wp\/v2\/posts\/17123\/revisions"}],"wp:attachment":[{"href":"https:\/\/www.oparanews.com.br\/index.php\/wp-json\/wp\/v2\/media?parent=17123"}],"wp:term":[{"taxonomy":"category","embeddable":true,"href":"https:\/\/www.oparanews.com.br\/index.php\/wp-json\/wp\/v2\/categories?post=17123"},{"taxonomy":"post_tag","embeddable":true,"href":"https:\/\/www.oparanews.com.br\/index.php\/wp-json\/wp\/v2\/tags?post=17123"}],"curies":[{"name":"wp","href":"https:\/\/api.w.org\/{rel}","templated":true}]}}