{"id":17126,"date":"2021-07-04T00:31:57","date_gmt":"2021-07-04T00:31:57","guid":{"rendered":"https:\/\/oparanews.com.br\/?p=17126"},"modified":"2021-07-04T00:31:57","modified_gmt":"2021-07-04T00:31:57","slug":"faro-se-revolta-com-noticia-e-exige-manifestacao-do-sbt","status":"publish","type":"post","link":"https:\/\/www.oparanews.com.br\/index.php\/2021\/07\/04\/faro-se-revolta-com-noticia-e-exige-manifestacao-do-sbt\/","title":{"rendered":"Faro se revolta com not\u00edcia e exige manifesta\u00e7\u00e3o do SBT"},"content":{"rendered":"<p>Rodrigo Faro est\u00e1 revoltado com a not\u00edcias sobre a sua ida ao SBT. O apresentador da Record garantiu que n\u00e3o se negou a fazer um teste de Covid-19 antes de entrar na grava\u00e7\u00e3o com Eliana. Diagnosticado com coronav\u00edrus, o famoso prometeu a\u00e7\u00f5es judiciais contra os respons\u00e1veis pela informa\u00e7\u00e3o.<\/p>\n<p>Segundo Faro, a informa\u00e7\u00e3o de que ele se negou a passar pelo protocolo de seguran\u00e7a da emissora \u00e9 falsa. Ele exp\u00f4s a sua vers\u00e3o dos fatos nos stories do Instagram. \u201cTodos os respons\u00e1veis por essa not\u00edcia falsa, caluniosa e mentirosa ser\u00e3o notificados pelo meu advogado e ter\u00e3o de se retratar. Not\u00edcia falsa \u00e9 crime!\u201d, acusou.<\/p>\n<p>Nesse momento dif\u00edcil que minha fam\u00edlia est\u00e1 passando, deveria estar repousando e cuidando da minha sa\u00fade e da sa\u00fade delas, e n\u00e3o me preocupando com not\u00edcias falsas, mentirosas e criminosas, que s\u00f3 fazem mal para mim e para a minha fam\u00edlia. Mas a verdade sempre aparece e a justi\u00e7a ser\u00e1 feita\u2026\u201d, desabafou o apresentador.<\/p>\n<p>Ele ressaltou que alguns ve\u00edculos retiraram do ar uma mat\u00e9ria com informa\u00e7\u00f5es inver\u00eddicas, e exigiu uma manifesta\u00e7\u00e3o do SBT sobre o assunto. Faro tamb\u00e9m mostrou o resultado do exame que comprovou que ele n\u00e3o estava com Covid-19 antes da grava\u00e7\u00e3o no canal paulista.<\/p>\n<p>Bastante chateado, ele cobrou uma posi\u00e7\u00e3o clara do canal de Silvio Santos e citou dois funcion\u00e1rios da casa, Fl\u00e1via e Davi, que liberaram o artista do exame:<\/p>\n<p>\u201cE a\u00ed, SBT, n\u00e3o vai se pronunciar? N\u00e3o v\u00e3o dizer a verdade? N\u00e3o v\u00e3o dizer que seus funcion\u00e1rios do departamento comercial, Flavia e Davi, disseram que eu n\u00e3o precisava fazer exame? Mesmo eu chegando duas horas antes, eu e minhas produtoras insistimos para fazer o exame\u201d.<\/p>\n<p>\u201cE a Flavia e o Davi permitiram que eu n\u00e3o fizesse o exame porque, segundo eles, eu j\u00e1 tinha feito um exame horas antes em uma outra grava\u00e7\u00e3o. Jamais me neguei a fazer exame. Diga a verdade, SBT\u201d, implorou.<\/p>\n<p>&nbsp;<\/p>\n<p><strong>por Paulo Carvalho &#8211; RD1<\/strong><\/p>\n<p>&nbsp;<\/p>\n","protected":false},"excerpt":{"rendered":"<p>Rodrigo Faro est\u00e1 revoltado com a not\u00edcias sobre a sua ida ao SBT. O apresentador da Record garantiu que n\u00e3o se negou a fazer um teste de Covid-19 antes de entrar na grava\u00e7\u00e3o com Eliana. Diagnosticado com coronav\u00edrus, o famoso prometeu a\u00e7\u00f5es judiciais contra os respons\u00e1veis pela informa\u00e7\u00e3o. Segundo Faro, a informa\u00e7\u00e3o de que ele &hellip;<\/p>\n","protected":false},"author":1,"featured_media":17127,"comment_status":"closed","ping_status":"closed","sticky":false,"template":"","format":"standard","meta":{"_jetpack_newsletter_access":"","_jetpack_dont_email_post_to_subs":false,"_jetpack_newsletter_tier_id":0,"_jetpack_memberships_contains_paywalled_content":false,"_jetpack_memberships_contains_paid_content":false,"footnotes":""},"categories":[1],"tags":[],"class_list":["post-17126","post","type-post","status-publish","format-standard","has-post-thumbnail","hentry","category-destaque"],"jetpack_sharing_enabled":true,"jetpack_featured_media_url":"","_links":{"self":[{"href":"https:\/\/www.oparanews.com.br\/index.php\/wp-json\/wp\/v2\/posts\/17126","targetHints":{"allow":["GET"]}}],"collection":[{"href":"https:\/\/www.oparanews.com.br\/index.php\/wp-json\/wp\/v2\/posts"}],"about":[{"href":"https:\/\/www.oparanews.com.br\/index.php\/wp-json\/wp\/v2\/types\/post"}],"author":[{"embeddable":true,"href":"https:\/\/www.oparanews.com.br\/index.php\/wp-json\/wp\/v2\/users\/1"}],"replies":[{"embeddable":true,"href":"https:\/\/www.oparanews.com.br\/index.php\/wp-json\/wp\/v2\/comments?post=17126"}],"version-history":[{"count":0,"href":"https:\/\/www.oparanews.com.br\/index.php\/wp-json\/wp\/v2\/posts\/17126\/revisions"}],"wp:attachment":[{"href":"https:\/\/www.oparanews.com.br\/index.php\/wp-json\/wp\/v2\/media?parent=17126"}],"wp:term":[{"taxonomy":"category","embeddable":true,"href":"https:\/\/www.oparanews.com.br\/index.php\/wp-json\/wp\/v2\/categories?post=17126"},{"taxonomy":"post_tag","embeddable":true,"href":"https:\/\/www.oparanews.com.br\/index.php\/wp-json\/wp\/v2\/tags?post=17126"}],"curies":[{"name":"wp","href":"https:\/\/api.w.org\/{rel}","templated":true}]}}