{"id":17138,"date":"2021-07-04T00:52:33","date_gmt":"2021-07-04T00:52:33","guid":{"rendered":"https:\/\/oparanews.com.br\/?p=17138"},"modified":"2021-07-04T00:52:33","modified_gmt":"2021-07-04T00:52:33","slug":"pf-indicia-calheiros-por-corrupcao-e-lavagem-de-dinheiro","status":"publish","type":"post","link":"https:\/\/www.oparanews.com.br\/index.php\/2021\/07\/04\/pf-indicia-calheiros-por-corrupcao-e-lavagem-de-dinheiro\/","title":{"rendered":"PF indicia Calheiros por corrup\u00e7\u00e3o e lavagem de dinheiro"},"content":{"rendered":"<p>A Pol\u00edcia Federal indicou o senador Renan Calheiros por corrup\u00e7\u00e3o passiva e lavagem de dinheiro no \u00e2mbito de investiga\u00e7\u00e3o sobre suposta propina de R$ 1 milh\u00e3o que teria sido solicitada e recebida pelo parlamentar em 2012. De acordo a corpora\u00e7\u00e3o, o pagamento teria sido realizado pela Odebrecht como uma &#8216;contrapartida&#8217; pelo apoio pol\u00edtico \u00e0 aprova\u00e7\u00e3o de uma resolu\u00e7\u00e3o do Senado que restringiu incentivos fiscais de produtos importados concedidos por Estados, beneficiando a Braskem &#8211; epis\u00f3dio conhecido como &#8216;Guerra dos Portos&#8217;.<\/p>\n<p>Em relat\u00f3rio datado desta quinta, 1\u00ba, enviado ao ministro Edson Fachin, do Supremo Tribunal Federal, os investigadores dizem ter identificado &#8216;elementos probat\u00f3rios concretos de autoria e materialidade para se atestar a presen\u00e7a de ind\u00edcios suficientes&#8217; de que Renan teria praticado os crimes em conjunto com outras quatro pessoas, tamb\u00e9m indiciadas.<\/p>\n<p>&#8220;No caso em tela constatou-se a exist\u00eancia de elementos probat\u00f3rios demonstrando que o Senador Renan Calheiros, codinome &#8216;Justi\u00e7a&#8217;, recebeu valores indevidos no montante de R$ 1 milh\u00e3o, com a senha &#8220;justo&#8221;, no dia 31\/05\/2012, \u00e0s 15hs, no endere\u00e7o da empresa Internet Pool Com\u00e9rcio Eletr\u00f4nicos S\/A, por interm\u00e9dio do senhor F\u00e1bio Brito Matos, funcion\u00e1rio da empresa e motorista do senhor Milton de Oliveira Lyra Filho, operador financeiro do parlamentar e s\u00f3cio administrador da empresa&#8221;, diz trecho da pe\u00e7a.<\/p>\n<p>F\u00e1bio Matos e Milton Lyra tamb\u00e9m foram indiciados pelos crimes de corrup\u00e7\u00e3o e lavagem de dinheiro. A PF ainda atribuiu crimes de lavagem \u00e0 Adolpho Julio da Silva Mello Neto (codinome Botox) e Rosangela Benetton Grimaldi (codinome &#8216;Maravilha&#8217;). De acordo com os investigadores, ambos seriam ligados ao TrendBank, o qual teria sido usado para operacionalizar a entrega dos valores.<\/p>\n<p>As informa\u00e7\u00f5es sobre as supostas propinas foram reveladas pelos delatores Claudio Melo Filho, Carlos Fadigas e Marcelo Bahia Odebrecht, em 2017. As apura\u00e7\u00f5es culminaram em uma fase ostensiva, aberta no ano seguinte, 2018, a Opera\u00e7\u00e3o Armist\u00edcio.<\/p>\n<p>Inicialmente, o inqu\u00e9rito que tramitava junto ao STF atingia ainda tr\u00eas ex-senadores: Romero Juc\u00e1, Delc\u00eddio do Amaral e Gim Argello. As apura\u00e7\u00f5es sobre o envolvimento dos ex-parlamentares foram enviadas \u00e0 primeira inst\u00e2ncia, motivo pelo qual o delegado Vinicius Venturini, pediu o compartilhamento do relat\u00f3rio conclusivo com o delegado respons\u00e1vel pelo caso na PF do Distrito Federal.<\/p>\n<p>Em nota, a defesa do senador diz que o pedido de indiciamento \u00e9 um movimento de retalia\u00e7\u00e3o da Pol\u00edcia Federal ao trabalho desempenhado por ele na CPI da Covid e que a institui\u00e7\u00e3o n\u00e3o possui compet\u00eancia necess\u00e1ria para indiciar um senador da Rep\u00fablica. A fun\u00e7\u00e3o compete ao Supremo Tribunal Federal (STF).<\/p>\n<p>Matheus Felivene, doutor em direito penal pela Universidade de S\u00e3o Paulo (USP), explica que o pedido de indiciamento movido pela PF n\u00e3o possui efeito pr\u00e1tico, porque cabe ao STF autorizar a a\u00e7\u00e3o. &#8220;O indiciamento sem autoriza\u00e7\u00e3o violaria a prerrogativa de fun\u00e7\u00e3o do parlamentar&#8221;, afirma.<\/p>\n<p>Segundo Renan, a institui\u00e7\u00e3o teria instaurado inqu\u00e9rito contra o empres\u00e1rio Francisco Maximiano, dono da Precisa Medicamentos &#8211; empresa envolvida em den\u00fancias de irregularidades no processo de aquisi\u00e7\u00e3o da vacina Covaxin pelo Minist\u00e9rio da Sa\u00fade -, com o intuito de coloc\u00e1-lo na condi\u00e7\u00e3o de investigado e, assim, facilitar a obten\u00e7\u00e3o de seu Habeas Corpus junto ao STF.<\/p>\n<p>&#8220;\u00c9 uma surpresa que justamente agora, quando a PF, institui\u00e7\u00e3o de Estado, abre a investiga\u00e7\u00e3o sobre a Precisa para facilitar Habeas Corpus do vendedor da vacina da propina e garantir seu sil\u00eancio na CPI, tentam essa retalia\u00e7\u00e3o&#8221;, diz um trecho a nota emitida pela defesa de Renan Calheiros.<\/p>\n<p>Na \u00faltima quinta-feira, 1\u00ba, a ministra Rosa Weber acatou o pedido da defesa de Maximiano e concedeu o habeas corpus que garante ao empres\u00e1rio o direito de ficar em sil\u00eancio durante o depoimento \u00e0 CPI para preservar o direito \u00e0 n\u00e3o autoincrimina\u00e7\u00e3o. A Comiss\u00e3o ainda n\u00e3o marcou a data do novo depoimento do dono da Precisa.<\/p>\n<p>A oitiva do empres\u00e1rio estava prevista para acontecer na quinta-feira, mas foi desmarcada para que os senadores ouvissem Luiz Paulo Dominguetti Pereira, representante da empresa Davatti Medical Suply, que acusou um integrante do governo Bolsonaro de operar um esquema de cobran\u00e7a de propina de um d\u00f3lar sobre o valor de cada dose da vacina Astrazeneca, como revelou uma reportagem do jornal Folha de S.Paulo.<\/p>\n<p>O advogado Lu\u00eds Henrique Machado, que defende Renan, diz que o senador &#8220;\u00e9 investigado desde 2009 pela Procuradoria-Geral da Rep\u00fablica. Sob o aspecto investigativo, a sua vida foi devassada e jamais foi encontrado qualquer ind\u00edcio de ilicitude sobre os seus atos. Nunca tratou, tampouco autorizou ou consentiu que terceiros falassem em seu nome&#8221;. A defesa completa: &#8220;por fim, importante salientar que aproximadamente dois ter\u00e7os das investiga\u00e7\u00f5es contra o senador j\u00e1 foram arquivadas por falta de provas. Assim como os demais inqu\u00e9ritos, a defesa est\u00e1 confiante que a investiga\u00e7\u00e3o da Odebrecht tamb\u00e9m ser\u00e1 arquivada, at\u00e9 porque nenhuma prova foi produzida em desfavor do senador, restando, somente, a palavra isolada dos delatores.&#8221;<\/p>\n<p>&nbsp;<\/p>\n<p><strong>por Pepita Ortega e Weslley Galzo &#8211; Terra<\/strong><\/p>\n<p>&nbsp;<\/p>\n","protected":false},"excerpt":{"rendered":"<p>A Pol\u00edcia Federal indicou o senador Renan Calheiros por corrup\u00e7\u00e3o passiva e lavagem de dinheiro no \u00e2mbito de investiga\u00e7\u00e3o sobre suposta propina de R$ 1 milh\u00e3o que teria sido solicitada e recebida pelo parlamentar em 2012. De acordo a corpora\u00e7\u00e3o, o pagamento teria sido realizado pela Odebrecht como uma &#8216;contrapartida&#8217; pelo apoio pol\u00edtico \u00e0 aprova\u00e7\u00e3o &hellip;<\/p>\n","protected":false},"author":1,"featured_media":17139,"comment_status":"closed","ping_status":"closed","sticky":false,"template":"","format":"standard","meta":{"_jetpack_newsletter_access":"","_jetpack_dont_email_post_to_subs":false,"_jetpack_newsletter_tier_id":0,"_jetpack_memberships_contains_paywalled_content":false,"_jetpack_memberships_contains_paid_content":false,"footnotes":""},"categories":[1],"tags":[],"class_list":["post-17138","post","type-post","status-publish","format-standard","has-post-thumbnail","hentry","category-destaque"],"jetpack_sharing_enabled":true,"jetpack_featured_media_url":"","_links":{"self":[{"href":"https:\/\/www.oparanews.com.br\/index.php\/wp-json\/wp\/v2\/posts\/17138","targetHints":{"allow":["GET"]}}],"collection":[{"href":"https:\/\/www.oparanews.com.br\/index.php\/wp-json\/wp\/v2\/posts"}],"about":[{"href":"https:\/\/www.oparanews.com.br\/index.php\/wp-json\/wp\/v2\/types\/post"}],"author":[{"embeddable":true,"href":"https:\/\/www.oparanews.com.br\/index.php\/wp-json\/wp\/v2\/users\/1"}],"replies":[{"embeddable":true,"href":"https:\/\/www.oparanews.com.br\/index.php\/wp-json\/wp\/v2\/comments?post=17138"}],"version-history":[{"count":0,"href":"https:\/\/www.oparanews.com.br\/index.php\/wp-json\/wp\/v2\/posts\/17138\/revisions"}],"wp:attachment":[{"href":"https:\/\/www.oparanews.com.br\/index.php\/wp-json\/wp\/v2\/media?parent=17138"}],"wp:term":[{"taxonomy":"category","embeddable":true,"href":"https:\/\/www.oparanews.com.br\/index.php\/wp-json\/wp\/v2\/categories?post=17138"},{"taxonomy":"post_tag","embeddable":true,"href":"https:\/\/www.oparanews.com.br\/index.php\/wp-json\/wp\/v2\/tags?post=17138"}],"curies":[{"name":"wp","href":"https:\/\/api.w.org\/{rel}","templated":true}]}}