{"id":17147,"date":"2021-07-04T21:24:10","date_gmt":"2021-07-04T21:24:10","guid":{"rendered":"https:\/\/oparanews.com.br\/?p=17147"},"modified":"2021-07-04T21:24:10","modified_gmt":"2021-07-04T21:24:10","slug":"recem-nascida-e-crianca-de-11-anos-sem-comorbidades-morrem-de-covid-em-alagoas","status":"publish","type":"post","link":"https:\/\/www.oparanews.com.br\/index.php\/2021\/07\/04\/recem-nascida-e-crianca-de-11-anos-sem-comorbidades-morrem-de-covid-em-alagoas\/","title":{"rendered":"Rec\u00e9m-nascida e crian\u00e7a de 11 anos sem comorbidades morrem de Covid em Alagoas"},"content":{"rendered":"<p>A Secretaria de Estado da Sa\u00fade de Alagoas (Sesau) confirmou mais 1.121 casos e 17 mortes por Covid nas \u00faltimas 24 horas, a maioria em Macei\u00f3. A informa\u00e7\u00e3o foi divulgada no boletim epidemiol\u00f3gico deste domingo (4).<\/p>\n<p>Dentre as mortes est\u00e1 a de uma beb\u00ea com sete dias de vida que nasceu prematura e morreu em um hospital particular de Macei\u00f3. Tamb\u00e9m foi registrada a morte de um menino de 11 anos sem comorbidades que morava em Branquinha, na Zona da Mata do estado, e morreu no Hospital Geral do Estado (HGE) em Macei\u00f3.<\/p>\n<p>Com os novos registros, o n\u00famero de casos no estado subiu para 219.741 e o de mortes, para 5.416 desde o in\u00edcio da pandemia.<\/p>\n<p>Entre os casos confirmados, 210.634 pacientes conseguiram se recuperar. O n\u00famero de casos suspeitos est\u00e1 em 12.122.<\/p>\n<p>A taxa de ocupa\u00e7\u00e3o dos leitos de UTI Covid no estado segundo o \u00faltimo boletim divulgado no s\u00e1bado (3) est\u00e1 em 68% e em Macei\u00f3 60%. Considerando os leitos totais, a taxa est\u00e1 em 42%.<\/p>\n<p>Mais 17 mortes por Covid-19<\/p>\n<p>Macei\u00f3: Homem, 52 anos, obeso, diab\u00e9tico e tinha doen\u00e7a cardiovascular<br \/>\nMacei\u00f3: Homem, 69 anos, cardiopata, diab\u00e9tico e tinha doen\u00e7a neurol\u00f3gica<br \/>\nMacei\u00f3: Mulher, 7 dias, prematura<br \/>\nMacei\u00f3: Mulher, 65 anos, sem comorbidades<br \/>\nMacei\u00f3: Mulher, 69 anos, diab\u00e9tica<br \/>\nMacei\u00f3: Mulher, 91 anos, hipertensa e tinha doen\u00e7a renal cr\u00f4nica<br \/>\nBranquinha: Homem, 11 anos, sem comorbidades<br \/>\nPiranhas: Homem, 59 anos, sem comorbidades<br \/>\nPilar: Homem, 69 anos, hipertenso e diab\u00e9tico<br \/>\nOuro Branco: Homem, 90 anos, sem comorbidades<br \/>\nPalmeira dos \u00cdndios: Mulher, 42 anos, diab\u00e9tica<br \/>\nLimoeiro de Anadia: Mulher, 51 anos, tinha doen\u00e7a cardiovascular<br \/>\nS\u00e3o Sebasti\u00e3o: Mulher, 54 anos, sem comorbidades<br \/>\nPalmeira dos \u00cdndios: Mulher, 69 anos, hipertensa<br \/>\nPenedo: Mulher, 75 anos, diab\u00e9tica e tinha doen\u00e7a cardiovascular<br \/>\nS\u00e3o Sebasti\u00e3o: Mulher, 81 anos, sem comorbidades<br \/>\nSantana do Ipanema: Mulher, 84 anos, hipertensa<\/p>\n<p>&nbsp;<\/p>\n<p><strong>Fonte: G1\/AL<\/strong><\/p>\n<p>&nbsp;<\/p>\n","protected":false},"excerpt":{"rendered":"<p>A Secretaria de Estado da Sa\u00fade de Alagoas (Sesau) confirmou mais 1.121 casos e 17 mortes por Covid nas \u00faltimas 24 horas, a maioria em Macei\u00f3. A informa\u00e7\u00e3o foi divulgada no boletim epidemiol\u00f3gico deste domingo (4). Dentre as mortes est\u00e1 a de uma beb\u00ea com sete dias de vida que nasceu prematura e morreu em &hellip;<\/p>\n","protected":false},"author":1,"featured_media":6894,"comment_status":"closed","ping_status":"closed","sticky":false,"template":"","format":"standard","meta":{"_jetpack_newsletter_access":"","_jetpack_dont_email_post_to_subs":false,"_jetpack_newsletter_tier_id":0,"_jetpack_memberships_contains_paywalled_content":false,"_jetpack_memberships_contains_paid_content":false,"footnotes":""},"categories":[1],"tags":[],"class_list":["post-17147","post","type-post","status-publish","format-standard","has-post-thumbnail","hentry","category-destaque"],"jetpack_sharing_enabled":true,"jetpack_featured_media_url":"","_links":{"self":[{"href":"https:\/\/www.oparanews.com.br\/index.php\/wp-json\/wp\/v2\/posts\/17147","targetHints":{"allow":["GET"]}}],"collection":[{"href":"https:\/\/www.oparanews.com.br\/index.php\/wp-json\/wp\/v2\/posts"}],"about":[{"href":"https:\/\/www.oparanews.com.br\/index.php\/wp-json\/wp\/v2\/types\/post"}],"author":[{"embeddable":true,"href":"https:\/\/www.oparanews.com.br\/index.php\/wp-json\/wp\/v2\/users\/1"}],"replies":[{"embeddable":true,"href":"https:\/\/www.oparanews.com.br\/index.php\/wp-json\/wp\/v2\/comments?post=17147"}],"version-history":[{"count":0,"href":"https:\/\/www.oparanews.com.br\/index.php\/wp-json\/wp\/v2\/posts\/17147\/revisions"}],"wp:attachment":[{"href":"https:\/\/www.oparanews.com.br\/index.php\/wp-json\/wp\/v2\/media?parent=17147"}],"wp:term":[{"taxonomy":"category","embeddable":true,"href":"https:\/\/www.oparanews.com.br\/index.php\/wp-json\/wp\/v2\/categories?post=17147"},{"taxonomy":"post_tag","embeddable":true,"href":"https:\/\/www.oparanews.com.br\/index.php\/wp-json\/wp\/v2\/tags?post=17147"}],"curies":[{"name":"wp","href":"https:\/\/api.w.org\/{rel}","templated":true}]}}