{"id":17149,"date":"2021-07-04T21:32:07","date_gmt":"2021-07-04T21:32:07","guid":{"rendered":"https:\/\/oparanews.com.br\/?p=17149"},"modified":"2021-07-04T21:32:07","modified_gmt":"2021-07-04T21:32:07","slug":"papa-francisco-e-internado-para-cirurgia-no-intestino","status":"publish","type":"post","link":"https:\/\/www.oparanews.com.br\/index.php\/2021\/07\/04\/papa-francisco-e-internado-para-cirurgia-no-intestino\/","title":{"rendered":"Papa Francisco \u00e9 internado para cirurgia no intestino"},"content":{"rendered":"<p>O Papa Francisco foi internado em um hospital de Roma, neste domingo (4), para uma cirurgia no intestino grosso. A informa\u00e7\u00e3o foi divulgada pelo Vaticano, sem detalhes sobre o hor\u00e1rio em que o procedimento ocorrer\u00e1.<\/p>\n<p>A opera\u00e7\u00e3o j\u00e1 estava agendada e busca reparar um estreitamento no c\u00f3lon (estenose), que dificulta a passagem das fezes. Um novo boletim m\u00e9dico ser\u00e1 divulgado quando a opera\u00e7\u00e3o terminar.<\/p>\n<p><strong>Cerim\u00f4nia na Pra\u00e7a de S\u00e3o Pedro<\/strong><\/p>\n<p>Tr\u00eas horas antes do comunicado da Igreja Cat\u00f3lica, o pont\u00edfice chegou a participar da tradicional cerim\u00f4nia religiosa na Pra\u00e7a de S\u00e3o Pedro, onde reza aos domingos com seus seguidores.<\/p>\n<p>Em seu discurso, o Papa Francisco informou que viajar\u00e1 em setembro para a Hungria e a Eslov\u00e1quia, mas n\u00e3o mencionou que seria submetido \u00e0 cirurgia no intestino.<\/p>\n<p>&nbsp;<\/p>\n<p><strong>Fonte: G1<\/strong><\/p>\n<p>&nbsp;<\/p>\n","protected":false},"excerpt":{"rendered":"<p>O Papa Francisco foi internado em um hospital de Roma, neste domingo (4), para uma cirurgia no intestino grosso. A informa\u00e7\u00e3o foi divulgada pelo Vaticano, sem detalhes sobre o hor\u00e1rio em que o procedimento ocorrer\u00e1. A opera\u00e7\u00e3o j\u00e1 estava agendada e busca reparar um estreitamento no c\u00f3lon (estenose), que dificulta a passagem das fezes. Um &hellip;<\/p>\n","protected":false},"author":1,"featured_media":17150,"comment_status":"closed","ping_status":"closed","sticky":false,"template":"","format":"standard","meta":{"_jetpack_newsletter_access":"","_jetpack_dont_email_post_to_subs":false,"_jetpack_newsletter_tier_id":0,"_jetpack_memberships_contains_paywalled_content":false,"_jetpack_memberships_contains_paid_content":false,"footnotes":""},"categories":[1],"tags":[],"class_list":["post-17149","post","type-post","status-publish","format-standard","has-post-thumbnail","hentry","category-destaque"],"jetpack_sharing_enabled":true,"jetpack_featured_media_url":"","_links":{"self":[{"href":"https:\/\/www.oparanews.com.br\/index.php\/wp-json\/wp\/v2\/posts\/17149","targetHints":{"allow":["GET"]}}],"collection":[{"href":"https:\/\/www.oparanews.com.br\/index.php\/wp-json\/wp\/v2\/posts"}],"about":[{"href":"https:\/\/www.oparanews.com.br\/index.php\/wp-json\/wp\/v2\/types\/post"}],"author":[{"embeddable":true,"href":"https:\/\/www.oparanews.com.br\/index.php\/wp-json\/wp\/v2\/users\/1"}],"replies":[{"embeddable":true,"href":"https:\/\/www.oparanews.com.br\/index.php\/wp-json\/wp\/v2\/comments?post=17149"}],"version-history":[{"count":0,"href":"https:\/\/www.oparanews.com.br\/index.php\/wp-json\/wp\/v2\/posts\/17149\/revisions"}],"wp:attachment":[{"href":"https:\/\/www.oparanews.com.br\/index.php\/wp-json\/wp\/v2\/media?parent=17149"}],"wp:term":[{"taxonomy":"category","embeddable":true,"href":"https:\/\/www.oparanews.com.br\/index.php\/wp-json\/wp\/v2\/categories?post=17149"},{"taxonomy":"post_tag","embeddable":true,"href":"https:\/\/www.oparanews.com.br\/index.php\/wp-json\/wp\/v2\/tags?post=17149"}],"curies":[{"name":"wp","href":"https:\/\/api.w.org\/{rel}","templated":true}]}}