{"id":17152,"date":"2021-07-04T21:35:30","date_gmt":"2021-07-04T21:35:30","guid":{"rendered":"https:\/\/oparanews.com.br\/?p=17152"},"modified":"2021-07-04T21:35:30","modified_gmt":"2021-07-04T21:35:30","slug":"vendedor-de-peixes-e-assassinado-a-tiros-em-penedo","status":"publish","type":"post","link":"https:\/\/www.oparanews.com.br\/index.php\/2021\/07\/04\/vendedor-de-peixes-e-assassinado-a-tiros-em-penedo\/","title":{"rendered":"Vendedor de peixes \u00e9 assassinado a tiros em Penedo"},"content":{"rendered":"<p>Um jovem de 19 anos, identificado como Genival Alves da Silva J\u00fanior, foi assassinado a tiros, na manh\u00e3 deste domingo, 4, no munic\u00edpio de Penedo.<\/p>\n<p>De acordo a Pol\u00edcia, o rapaz foi morto no momento em que passava pela feirinha do Santa Luzia, um bairro na parte alta da cidade. Testemunhas informaram que a v\u00edtima vendia peixe na feira e ao que tudo indica, no momento em que foi assassinado estaria se deslocando para o trabalho.<\/p>\n<p>At\u00e9 o momento ningu\u00e9m soube informar o motivo do crime nem quem foi o autor. O crime ser\u00e1 investigado pela delegacia de Penedo.<\/p>\n<p>&nbsp;<\/p>\n<p><strong>Fonte: AL24horas<\/strong><\/p>\n<p>&nbsp;<\/p>\n","protected":false},"excerpt":{"rendered":"<p>Um jovem de 19 anos, identificado como Genival Alves da Silva J\u00fanior, foi assassinado a tiros, na manh\u00e3 deste domingo, 4, no munic\u00edpio de Penedo. De acordo a Pol\u00edcia, o rapaz foi morto no momento em que passava pela feirinha do Santa Luzia, um bairro na parte alta da cidade. Testemunhas informaram que a v\u00edtima &hellip;<\/p>\n","protected":false},"author":1,"featured_media":17153,"comment_status":"closed","ping_status":"closed","sticky":false,"template":"","format":"standard","meta":{"_jetpack_newsletter_access":"","_jetpack_dont_email_post_to_subs":false,"_jetpack_newsletter_tier_id":0,"_jetpack_memberships_contains_paywalled_content":false,"_jetpack_memberships_contains_paid_content":false,"footnotes":""},"categories":[1],"tags":[],"class_list":["post-17152","post","type-post","status-publish","format-standard","has-post-thumbnail","hentry","category-destaque"],"jetpack_sharing_enabled":true,"jetpack_featured_media_url":"","_links":{"self":[{"href":"https:\/\/www.oparanews.com.br\/index.php\/wp-json\/wp\/v2\/posts\/17152","targetHints":{"allow":["GET"]}}],"collection":[{"href":"https:\/\/www.oparanews.com.br\/index.php\/wp-json\/wp\/v2\/posts"}],"about":[{"href":"https:\/\/www.oparanews.com.br\/index.php\/wp-json\/wp\/v2\/types\/post"}],"author":[{"embeddable":true,"href":"https:\/\/www.oparanews.com.br\/index.php\/wp-json\/wp\/v2\/users\/1"}],"replies":[{"embeddable":true,"href":"https:\/\/www.oparanews.com.br\/index.php\/wp-json\/wp\/v2\/comments?post=17152"}],"version-history":[{"count":0,"href":"https:\/\/www.oparanews.com.br\/index.php\/wp-json\/wp\/v2\/posts\/17152\/revisions"}],"wp:attachment":[{"href":"https:\/\/www.oparanews.com.br\/index.php\/wp-json\/wp\/v2\/media?parent=17152"}],"wp:term":[{"taxonomy":"category","embeddable":true,"href":"https:\/\/www.oparanews.com.br\/index.php\/wp-json\/wp\/v2\/categories?post=17152"},{"taxonomy":"post_tag","embeddable":true,"href":"https:\/\/www.oparanews.com.br\/index.php\/wp-json\/wp\/v2\/tags?post=17152"}],"curies":[{"name":"wp","href":"https:\/\/api.w.org\/{rel}","templated":true}]}}