{"id":17168,"date":"2021-07-05T12:42:18","date_gmt":"2021-07-05T12:42:18","guid":{"rendered":"https:\/\/oparanews.com.br\/?p=17168"},"modified":"2021-07-05T12:42:18","modified_gmt":"2021-07-05T12:42:18","slug":"quem-completou-36-anos-ja-pode-ser-vacinado-contra-covid-em-penedo","status":"publish","type":"post","link":"https:\/\/www.oparanews.com.br\/index.php\/2021\/07\/05\/quem-completou-36-anos-ja-pode-ser-vacinado-contra-covid-em-penedo\/","title":{"rendered":"Quem completou 36 anos j\u00e1 pode ser vacinado contra Covid em Penedo"},"content":{"rendered":"<p>A campanha de vacina\u00e7\u00e3o contra Covid-19 em Penedo alcan\u00e7a pessoas que j\u00e1 completaram 36 anos de vida nesta segunda-feira, 05 de julho.<\/p>\n<p>A primeira dose do imunizante contra o coronav\u00edrus estar\u00e1 dispon\u00edvel na Central de Vacina\u00e7\u00e3o, a partir das 8 horas, inclusive para quem tem idade acima dos 36 anos. O servi\u00e7o funciona na Escola Estadual Ernani M\u00e9ro at\u00e9 as 16 horas<\/p>\n<p><strong><a href=\"https:\/\/oparanews.com.br\/quem-completou-36-anos-ja-pode-ser-vacinado-contra-covid-em-penedo\/sem-titulo-3715\/\" rel=\"attachment wp-att-17169\"><img loading=\"lazy\" decoding=\"async\" class=\"alignleft size-medium wp-image-17169\" src=\"https:\/\/oparanews.com.br\/wp-content\/uploads\/2021\/07\/Sem-t\u00edtulo-30-274x300.jpg\" alt=\"\" width=\"274\" height=\"300\" \/><\/a>Gestantes e pu\u00e9rperas<\/strong><\/p>\n<p>Al\u00e9m da vacina\u00e7\u00e3o em massa, a Prefeitura de Penedo abre as portas da Central de Vacina\u00e7\u00e3o na pr\u00f3xima ter\u00e7a-feira, 06 de julho, apenas para gestantes e m\u00e3es de crian\u00e7as rec\u00e9m-nascidas com at\u00e9 45 dias de vida.<\/p>\n<p>O atendimento exclusivo para mulheres em per\u00edodos de gesta\u00e7\u00e3o ou pu\u00e9rperas estar\u00e1 dispon\u00edvel para a faixa et\u00e1ria com 27 anos completos ou mais.<\/p>\n<p>A Secretaria Municipal de Sa\u00fade orienta sobre a apresenta\u00e7\u00e3o de documento oficial com foto, cart\u00e3o do SUS e comprovantes de resid\u00eancia. Gestantes tamb\u00e9m precisam levar autoriza\u00e7\u00e3o m\u00e9dica para ter acesso \u00e0 vacina.<\/p>\n<p>&nbsp;<\/p>\n<p>&nbsp;<\/p>\n<p><strong>por Fernando Vin\u00edcius \u2013 Decom PMP<\/strong><\/p>\n<p>&nbsp;<\/p>\n","protected":false},"excerpt":{"rendered":"<p>A campanha de vacina\u00e7\u00e3o contra Covid-19 em Penedo alcan\u00e7a pessoas que j\u00e1 completaram 36 anos de vida nesta segunda-feira, 05 de julho. A primeira dose do imunizante contra o coronav\u00edrus estar\u00e1 dispon\u00edvel na Central de Vacina\u00e7\u00e3o, a partir das 8 horas, inclusive para quem tem idade acima dos 36 anos. O servi\u00e7o funciona na Escola &hellip;<\/p>\n","protected":false},"author":1,"featured_media":17170,"comment_status":"closed","ping_status":"closed","sticky":false,"template":"","format":"standard","meta":{"_jetpack_newsletter_access":"","_jetpack_dont_email_post_to_subs":false,"_jetpack_newsletter_tier_id":0,"_jetpack_memberships_contains_paywalled_content":false,"_jetpack_memberships_contains_paid_content":false,"footnotes":""},"categories":[1],"tags":[],"class_list":["post-17168","post","type-post","status-publish","format-standard","has-post-thumbnail","hentry","category-destaque"],"jetpack_sharing_enabled":true,"jetpack_featured_media_url":"","_links":{"self":[{"href":"https:\/\/www.oparanews.com.br\/index.php\/wp-json\/wp\/v2\/posts\/17168","targetHints":{"allow":["GET"]}}],"collection":[{"href":"https:\/\/www.oparanews.com.br\/index.php\/wp-json\/wp\/v2\/posts"}],"about":[{"href":"https:\/\/www.oparanews.com.br\/index.php\/wp-json\/wp\/v2\/types\/post"}],"author":[{"embeddable":true,"href":"https:\/\/www.oparanews.com.br\/index.php\/wp-json\/wp\/v2\/users\/1"}],"replies":[{"embeddable":true,"href":"https:\/\/www.oparanews.com.br\/index.php\/wp-json\/wp\/v2\/comments?post=17168"}],"version-history":[{"count":0,"href":"https:\/\/www.oparanews.com.br\/index.php\/wp-json\/wp\/v2\/posts\/17168\/revisions"}],"wp:attachment":[{"href":"https:\/\/www.oparanews.com.br\/index.php\/wp-json\/wp\/v2\/media?parent=17168"}],"wp:term":[{"taxonomy":"category","embeddable":true,"href":"https:\/\/www.oparanews.com.br\/index.php\/wp-json\/wp\/v2\/categories?post=17168"},{"taxonomy":"post_tag","embeddable":true,"href":"https:\/\/www.oparanews.com.br\/index.php\/wp-json\/wp\/v2\/tags?post=17168"}],"curies":[{"name":"wp","href":"https:\/\/api.w.org\/{rel}","templated":true}]}}