{"id":17176,"date":"2021-07-05T12:57:22","date_gmt":"2021-07-05T12:57:22","guid":{"rendered":"https:\/\/oparanews.com.br\/?p=17176"},"modified":"2021-07-05T12:57:22","modified_gmt":"2021-07-05T12:57:22","slug":"conselho-arbitral-do-alagoano-sub-23-sera-dia-12-de-julho","status":"publish","type":"post","link":"https:\/\/www.oparanews.com.br\/index.php\/2021\/07\/05\/conselho-arbitral-do-alagoano-sub-23-sera-dia-12-de-julho\/","title":{"rendered":"Conselho Arbitral do Alagoano Sub 23, ser\u00e1 dia 12 de Julho"},"content":{"rendered":"<p>A Federa\u00e7\u00e3o Alagoana de Futebol definiu nesta sexta-feira (02) os detalhes para a realiza\u00e7\u00e3o da reuni\u00e3o do Conselho Arbitral de clubes para o Campeonato Alagoano Sub-23 &#8211; 2\u00aa Divis\u00e3o 2021. O encontro ser\u00e1 no dia 12 de julho, \u00e0s 15h, em primeira convoca\u00e7\u00e3o, no Hall da Fama, no segundo piso do Est\u00e1dio Rei Pel\u00e9.<\/p>\n<p>Estar\u00e3o presentes os dirigentes da FAF e os representantes dos oito clubes pr\u00e9-inscritos no Estadual 2021: Agrimaq Pilarense, Cruzeiro de Arapiraca, FF Sports de Vi\u00e7osa, D\u00ednamo, Dimens\u00e3o Capela, Miguelense, Santa Cruz e Zumbi.<\/p>\n<p>Na reuni\u00e3o, os clubes e a entidade definir\u00e3o o formato de disputa e a data de in\u00edcio da competi\u00e7\u00e3o, que come\u00e7ar\u00e1 no m\u00eas de setembro. As inscri\u00e7\u00f5es das equipes para a segunda divis\u00e3o foram encerradas na \u00faltima quarta-feira (30).<\/p>\n","protected":false},"excerpt":{"rendered":"<p>A Federa\u00e7\u00e3o Alagoana de Futebol definiu nesta sexta-feira (02) os detalhes para a realiza\u00e7\u00e3o da reuni\u00e3o do Conselho Arbitral de clubes para o Campeonato Alagoano Sub-23 &#8211; 2\u00aa Divis\u00e3o 2021. O encontro ser\u00e1 no dia 12 de julho, \u00e0s 15h, em primeira convoca\u00e7\u00e3o, no Hall da Fama, no segundo piso do Est\u00e1dio Rei Pel\u00e9. Estar\u00e3o &hellip;<\/p>\n","protected":false},"author":1,"featured_media":2628,"comment_status":"closed","ping_status":"closed","sticky":false,"template":"","format":"standard","meta":{"_jetpack_newsletter_access":"","_jetpack_dont_email_post_to_subs":false,"_jetpack_newsletter_tier_id":0,"_jetpack_memberships_contains_paywalled_content":false,"_jetpack_memberships_contains_paid_content":false,"footnotes":""},"categories":[1],"tags":[],"class_list":["post-17176","post","type-post","status-publish","format-standard","has-post-thumbnail","hentry","category-destaque"],"jetpack_sharing_enabled":true,"jetpack_featured_media_url":"","_links":{"self":[{"href":"https:\/\/www.oparanews.com.br\/index.php\/wp-json\/wp\/v2\/posts\/17176","targetHints":{"allow":["GET"]}}],"collection":[{"href":"https:\/\/www.oparanews.com.br\/index.php\/wp-json\/wp\/v2\/posts"}],"about":[{"href":"https:\/\/www.oparanews.com.br\/index.php\/wp-json\/wp\/v2\/types\/post"}],"author":[{"embeddable":true,"href":"https:\/\/www.oparanews.com.br\/index.php\/wp-json\/wp\/v2\/users\/1"}],"replies":[{"embeddable":true,"href":"https:\/\/www.oparanews.com.br\/index.php\/wp-json\/wp\/v2\/comments?post=17176"}],"version-history":[{"count":0,"href":"https:\/\/www.oparanews.com.br\/index.php\/wp-json\/wp\/v2\/posts\/17176\/revisions"}],"wp:attachment":[{"href":"https:\/\/www.oparanews.com.br\/index.php\/wp-json\/wp\/v2\/media?parent=17176"}],"wp:term":[{"taxonomy":"category","embeddable":true,"href":"https:\/\/www.oparanews.com.br\/index.php\/wp-json\/wp\/v2\/categories?post=17176"},{"taxonomy":"post_tag","embeddable":true,"href":"https:\/\/www.oparanews.com.br\/index.php\/wp-json\/wp\/v2\/tags?post=17176"}],"curies":[{"name":"wp","href":"https:\/\/api.w.org\/{rel}","templated":true}]}}