{"id":17181,"date":"2021-07-05T13:01:52","date_gmt":"2021-07-05T13:01:52","guid":{"rendered":"https:\/\/oparanews.com.br\/?p=17181"},"modified":"2021-07-05T13:01:52","modified_gmt":"2021-07-05T13:01:52","slug":"inss-divulga-novo-calendario-para-a-prova-de-vida","status":"publish","type":"post","link":"https:\/\/www.oparanews.com.br\/index.php\/2021\/07\/05\/inss-divulga-novo-calendario-para-a-prova-de-vida\/","title":{"rendered":"INSS divulga novo calend\u00e1rio para a prova de vida"},"content":{"rendered":"<p>O Instituto Nacional do Seguro Social (INSS) divulgou novo calend\u00e1rio para segurados fazerem a prova de vida e n\u00e3o terem os benef\u00edcios suspensos. O calend\u00e1rio novo inclui os meses de janeiro a agosto de 2022 para quem tem que fazer a comprova\u00e7\u00e3o entre maio de 2021 e julho de 2022. Veja abaixo:<\/p>\n<p><a href=\"https:\/\/oparanews.com.br\/inss-divulga-novo-calendario-para-a-prova-de-vida\/sem-titulo-3720\/\" rel=\"attachment wp-att-17183\"><img loading=\"lazy\" decoding=\"async\" class=\"aligncenter size-large wp-image-17183\" src=\"https:\/\/oparanews.com.br\/wp-content\/uploads\/2021\/07\/Sem-t\u00edtulo-35-923x1024.jpg\" alt=\"\" width=\"770\" height=\"854\" \/><\/a><\/p>\n<p>Quem tinha que provar que estava vivo em maio e junho do ano passado ter\u00e1 que fazer o procedimento at\u00e9 31 de julho para n\u00e3o ter o benef\u00edcio suspenso. O cronograma da prova de vida anterior ia at\u00e9 dezembro deste ano para quem precisava ter feito a prova de vida at\u00e9 abril deste ano.<\/p>\n<p>O segurado que quiser se antecipar ao calend\u00e1rio pode fazer a prova de vida antes.<\/p>\n<p>A comprova\u00e7\u00e3o voltou a ser obrigat\u00f3ria a partir de 1\u00ba de junho para aposentados e pensionistas. De acordo com o calend\u00e1rio, os segurados que n\u00e3o fizeram a prova de vida at\u00e9 abril de 2020 tinham at\u00e9 o dia 30 de junho para fazer a comprova\u00e7\u00e3o de que est\u00e3o vivos para continuar recebendo os benef\u00edcios.<\/p>\n<p>&nbsp;<\/p>\n<p><strong>Fonte: G1<\/strong><\/p>\n<p>&nbsp;<\/p>\n","protected":false},"excerpt":{"rendered":"<p>O Instituto Nacional do Seguro Social (INSS) divulgou novo calend\u00e1rio para segurados fazerem a prova de vida e n\u00e3o terem os benef\u00edcios suspensos. O calend\u00e1rio novo inclui os meses de janeiro a agosto de 2022 para quem tem que fazer a comprova\u00e7\u00e3o entre maio de 2021 e julho de 2022. Veja abaixo: Quem tinha que &hellip;<\/p>\n","protected":false},"author":1,"featured_media":17182,"comment_status":"closed","ping_status":"closed","sticky":false,"template":"","format":"standard","meta":{"_jetpack_newsletter_access":"","_jetpack_dont_email_post_to_subs":false,"_jetpack_newsletter_tier_id":0,"_jetpack_memberships_contains_paywalled_content":false,"_jetpack_memberships_contains_paid_content":false,"footnotes":""},"categories":[1],"tags":[],"class_list":["post-17181","post","type-post","status-publish","format-standard","has-post-thumbnail","hentry","category-destaque"],"jetpack_sharing_enabled":true,"jetpack_featured_media_url":"","_links":{"self":[{"href":"https:\/\/www.oparanews.com.br\/index.php\/wp-json\/wp\/v2\/posts\/17181","targetHints":{"allow":["GET"]}}],"collection":[{"href":"https:\/\/www.oparanews.com.br\/index.php\/wp-json\/wp\/v2\/posts"}],"about":[{"href":"https:\/\/www.oparanews.com.br\/index.php\/wp-json\/wp\/v2\/types\/post"}],"author":[{"embeddable":true,"href":"https:\/\/www.oparanews.com.br\/index.php\/wp-json\/wp\/v2\/users\/1"}],"replies":[{"embeddable":true,"href":"https:\/\/www.oparanews.com.br\/index.php\/wp-json\/wp\/v2\/comments?post=17181"}],"version-history":[{"count":0,"href":"https:\/\/www.oparanews.com.br\/index.php\/wp-json\/wp\/v2\/posts\/17181\/revisions"}],"wp:attachment":[{"href":"https:\/\/www.oparanews.com.br\/index.php\/wp-json\/wp\/v2\/media?parent=17181"}],"wp:term":[{"taxonomy":"category","embeddable":true,"href":"https:\/\/www.oparanews.com.br\/index.php\/wp-json\/wp\/v2\/categories?post=17181"},{"taxonomy":"post_tag","embeddable":true,"href":"https:\/\/www.oparanews.com.br\/index.php\/wp-json\/wp\/v2\/tags?post=17181"}],"curies":[{"name":"wp","href":"https:\/\/api.w.org\/{rel}","templated":true}]}}