{"id":17194,"date":"2021-07-06T01:40:07","date_gmt":"2021-07-06T01:40:07","guid":{"rendered":"https:\/\/oparanews.com.br\/?p=17194"},"modified":"2021-07-06T01:40:07","modified_gmt":"2021-07-06T01:40:07","slug":"sems-penedo-suspende-vacinacao-de-gestantes-e-puerperas-contra-covid-19","status":"publish","type":"post","link":"https:\/\/www.oparanews.com.br\/index.php\/2021\/07\/06\/sems-penedo-suspende-vacinacao-de-gestantes-e-puerperas-contra-covid-19\/","title":{"rendered":"SEMS Penedo suspende vacina\u00e7\u00e3o de gestantes e pu\u00e9rperas contra Covid-19"},"content":{"rendered":"<p>A vacina\u00e7\u00e3o contra Covid-19 para gestantes e m\u00e3es de beb\u00eas com at\u00e9 45 dias de vida prevista para acontecer em Penedo nesta ter\u00e7a-feira, 06 de julho, est\u00e1 adiada.<\/p>\n<p>A suspens\u00e3o do trabalho pela Secretaria Municipal de Sa\u00fade (SEMS) atende orienta\u00e7\u00e3o do Minist\u00e9rio da Sa\u00fade em fun\u00e7\u00e3o da exig\u00eancia de comprova\u00e7\u00e3o de comorbidade, conforme exige o Plano Nacional de Imuniza\u00e7\u00e3o (PNI) para aplicar o imunizante nesse p\u00fablico-alvo.<\/p>\n<p>O Conselho dos Secret\u00e1rios Municipais de Alagoas (Cosems) tamb\u00e9m recomenda a ado\u00e7\u00e3o do procedimento, conforme nota divulgada nesta segunda-feira, 05.<\/p>\n<p>Sendo assim, o Dia D de vacina\u00e7\u00e3o das gestantes e pu\u00e9rperas residentes em Penedo est\u00e1 suspenso, at\u00e9 nova orienta\u00e7\u00e3o do Minist\u00e9rio da Sa\u00fade.<\/p>\n<p>As informa\u00e7\u00f5es sobre a campanha de combate ao coronav\u00edrus s\u00e3o atualizadas nas redes sociais da Secretaria Municipal de Sa\u00fade e no portal eletr\u00f4nico da Prefeitura de Penedo.<\/p>\n<p>&nbsp;<\/p>\n<p><strong>Fonte: Decom PMP<\/strong><\/p>\n<p>&nbsp;<\/p>\n","protected":false},"excerpt":{"rendered":"<p>A vacina\u00e7\u00e3o contra Covid-19 para gestantes e m\u00e3es de beb\u00eas com at\u00e9 45 dias de vida prevista para acontecer em Penedo nesta ter\u00e7a-feira, 06 de julho, est\u00e1 adiada. A suspens\u00e3o do trabalho pela Secretaria Municipal de Sa\u00fade (SEMS) atende orienta\u00e7\u00e3o do Minist\u00e9rio da Sa\u00fade em fun\u00e7\u00e3o da exig\u00eancia de comprova\u00e7\u00e3o de comorbidade, conforme exige o &hellip;<\/p>\n","protected":false},"author":1,"featured_media":17195,"comment_status":"closed","ping_status":"closed","sticky":false,"template":"","format":"standard","meta":{"_jetpack_newsletter_access":"","_jetpack_dont_email_post_to_subs":false,"_jetpack_newsletter_tier_id":0,"_jetpack_memberships_contains_paywalled_content":false,"_jetpack_memberships_contains_paid_content":false,"footnotes":""},"categories":[1],"tags":[],"class_list":["post-17194","post","type-post","status-publish","format-standard","has-post-thumbnail","hentry","category-destaque"],"jetpack_sharing_enabled":true,"jetpack_featured_media_url":"","_links":{"self":[{"href":"https:\/\/www.oparanews.com.br\/index.php\/wp-json\/wp\/v2\/posts\/17194","targetHints":{"allow":["GET"]}}],"collection":[{"href":"https:\/\/www.oparanews.com.br\/index.php\/wp-json\/wp\/v2\/posts"}],"about":[{"href":"https:\/\/www.oparanews.com.br\/index.php\/wp-json\/wp\/v2\/types\/post"}],"author":[{"embeddable":true,"href":"https:\/\/www.oparanews.com.br\/index.php\/wp-json\/wp\/v2\/users\/1"}],"replies":[{"embeddable":true,"href":"https:\/\/www.oparanews.com.br\/index.php\/wp-json\/wp\/v2\/comments?post=17194"}],"version-history":[{"count":0,"href":"https:\/\/www.oparanews.com.br\/index.php\/wp-json\/wp\/v2\/posts\/17194\/revisions"}],"wp:attachment":[{"href":"https:\/\/www.oparanews.com.br\/index.php\/wp-json\/wp\/v2\/media?parent=17194"}],"wp:term":[{"taxonomy":"category","embeddable":true,"href":"https:\/\/www.oparanews.com.br\/index.php\/wp-json\/wp\/v2\/categories?post=17194"},{"taxonomy":"post_tag","embeddable":true,"href":"https:\/\/www.oparanews.com.br\/index.php\/wp-json\/wp\/v2\/tags?post=17194"}],"curies":[{"name":"wp","href":"https:\/\/api.w.org\/{rel}","templated":true}]}}