{"id":17203,"date":"2021-07-06T02:05:04","date_gmt":"2021-07-06T02:05:04","guid":{"rendered":"https:\/\/oparanews.com.br\/?p=17203"},"modified":"2021-07-06T02:05:04","modified_gmt":"2021-07-06T02:05:04","slug":"governo-prorroga-auxilio-emergencial-por-mais-tres-meses","status":"publish","type":"post","link":"https:\/\/www.oparanews.com.br\/index.php\/2021\/07\/06\/governo-prorroga-auxilio-emergencial-por-mais-tres-meses\/","title":{"rendered":"Governo prorroga aux\u00edlio emergencial por mais tr\u00eas meses"},"content":{"rendered":"<p>Enquanto a equipe econ\u00f4mica ainda prepara o desenho do programa social que ir\u00e1 substituir o Bolsa Fam\u00edlia, o governo anunciou h\u00e1 pouco a prorroga\u00e7\u00e3o por mais tr\u00eas meses do aux\u00edlio emergencial. Conforme havia sido adiantado pelo Estad\u00e3o\/Broadcast, a ajuda voltada aos mais vulner\u00e1veis durante a pandemia de covid-19 foi prorrogada at\u00e9 outubro, nos mesmos valores de R$ 150 a R$ 375 e com igual alcance em termos de p\u00fablico. O benef\u00edcio contempla cerca de 39,1 milh\u00f5es de brasileiros e a \u00faltima parcela estava prevista para julho.<\/p>\n<p>No come\u00e7o de junho, o presidente da C\u00e2mara dos Deputados, Arthur Lira (PP-AL), recha\u00e7ou a prorroga\u00e7\u00e3o do aux\u00edlio emergencial para al\u00e9m das parcelas j\u00e1 previstas e defendeu a aprova\u00e7\u00e3o pelo Parlamento do novo programa social, a substituir o Bolsa Fam\u00edlia. Mas, em meio \u00e0 perda de popularidade do presidente Jair Bolsonaro e com a falta de um projeto claro para o novo programa social, o governo decidiu estender mais uma vez as parcelas do aux\u00edlio.<\/p>\n<p>A prorroga\u00e7\u00e3o do benef\u00edcio foi feita por meio de uma Medida Provis\u00f3ria e o governo pediu ao Congresso a abertura de um cr\u00e9dito extraordin\u00e1rio de R$ 12 bilh\u00f5es. O valor vai refor\u00e7ar os cerca de R$ 7 bilh\u00f5es que ainda est\u00e3o dispon\u00edveis dentro dos R$ 44 bilh\u00f5es j\u00e1 destinados ao programa e que n\u00e3o foram usados porque o n\u00famero de fam\u00edlias na nova rodada ficou abaixo do inicialmente projetado.<\/p>\n<p>O cr\u00e9dito extraordin\u00e1rio banca despesas emergenciais e fica fora do teto de gastos, regra que limita o avan\u00e7o das despesas \u00e0 infla\u00e7\u00e3o. A extens\u00e3o do aux\u00edlio emergencial \u00e9 uma forma de manter a assist\u00eancia \u00e0s fam\u00edlias em um cen\u00e1rio de risco de agravamento da pandemia de covid-19 e tamb\u00e9m evita um &#8220;v\u00e1cuo&#8221; at\u00e9 o lan\u00e7amento da nova pol\u00edtica social permanente do governo.<\/p>\n<p>A prorroga\u00e7\u00e3o do aux\u00edlio ainda vai abrir mais espa\u00e7o no Or\u00e7amento de 2021 para o lan\u00e7amento da nova pol\u00edtica social permanente, que vai suceder o Bolsa Fam\u00edlia. Isso porque as fam\u00edlias contempladas pelo Bolsa s\u00e3o &#8220;transferidas&#8221; para a folha do aux\u00edlio durante sua vig\u00eancia, poupando o or\u00e7amento do programa.<\/p>\n<p>Hoje, essa &#8220;sobra&#8221; do Bolsa dentro do teto \u00e9 de aproximadamente R$ 7 bilh\u00f5es e deve ficar maior com a extens\u00e3o da ajuda tempor\u00e1ria aos vulner\u00e1veis. O dinheiro deve ser usado para turbinar a nova pol\u00edtica social. O novo programa ter\u00e1 or\u00e7amento maior que os R$ 35 bilh\u00f5es or\u00e7ados em 2021.<\/p>\n<p>No dia 15 de junho, Bolsonaro chegou a dizer que o novo Bolsa Fam\u00edlia pagar\u00e1 R$ 300 em m\u00e9dia para os benefici\u00e1rios em um an\u00fancio que pegou integrantes do pr\u00f3prio governo de surpresa, segundo apurou o Estad\u00e3o\/Broadcast. At\u00e9 ent\u00e3o, as tratativas das equipes eram para reajustar o valor m\u00e9dio do benef\u00edcio social dos atuais R$ 190 para R$ 250. Um valor de R$ 300 n\u00e3o caberia no teto de gastos do pr\u00f3ximo ano.<\/p>\n<p>A prorroga\u00e7\u00e3o do benef\u00edcio foi feita por meio de uma Medida Provis\u00f3ria. O governo tamb\u00e9m deve pedir ao Congresso a abertura de um cr\u00e9dito extraordin\u00e1rio de R$ 12 bilh\u00f5es. O valor vai refor\u00e7ar os cerca de R$ 7 bilh\u00f5es que ainda est\u00e3o dispon\u00edveis dentro dos R$ 44 bilh\u00f5es j\u00e1 destinados ao programa e que n\u00e3o foram usados porque o n\u00famero de fam\u00edlias na nova rodada ficou abaixo do inicialmente projetado.<\/p>\n<p>&nbsp;<\/p>\n<p><strong>por Eduardo Rodrigues &#8211; Terra<\/strong><\/p>\n<p>&nbsp;<\/p>\n","protected":false},"excerpt":{"rendered":"<p>Enquanto a equipe econ\u00f4mica ainda prepara o desenho do programa social que ir\u00e1 substituir o Bolsa Fam\u00edlia, o governo anunciou h\u00e1 pouco a prorroga\u00e7\u00e3o por mais tr\u00eas meses do aux\u00edlio emergencial. Conforme havia sido adiantado pelo Estad\u00e3o\/Broadcast, a ajuda voltada aos mais vulner\u00e1veis durante a pandemia de covid-19 foi prorrogada at\u00e9 outubro, nos mesmos valores &hellip;<\/p>\n","protected":false},"author":1,"featured_media":17204,"comment_status":"closed","ping_status":"closed","sticky":false,"template":"","format":"standard","meta":{"_jetpack_newsletter_access":"","_jetpack_dont_email_post_to_subs":false,"_jetpack_newsletter_tier_id":0,"_jetpack_memberships_contains_paywalled_content":false,"_jetpack_memberships_contains_paid_content":false,"footnotes":""},"categories":[1],"tags":[],"class_list":["post-17203","post","type-post","status-publish","format-standard","has-post-thumbnail","hentry","category-destaque"],"jetpack_sharing_enabled":true,"jetpack_featured_media_url":"","_links":{"self":[{"href":"https:\/\/www.oparanews.com.br\/index.php\/wp-json\/wp\/v2\/posts\/17203","targetHints":{"allow":["GET"]}}],"collection":[{"href":"https:\/\/www.oparanews.com.br\/index.php\/wp-json\/wp\/v2\/posts"}],"about":[{"href":"https:\/\/www.oparanews.com.br\/index.php\/wp-json\/wp\/v2\/types\/post"}],"author":[{"embeddable":true,"href":"https:\/\/www.oparanews.com.br\/index.php\/wp-json\/wp\/v2\/users\/1"}],"replies":[{"embeddable":true,"href":"https:\/\/www.oparanews.com.br\/index.php\/wp-json\/wp\/v2\/comments?post=17203"}],"version-history":[{"count":0,"href":"https:\/\/www.oparanews.com.br\/index.php\/wp-json\/wp\/v2\/posts\/17203\/revisions"}],"wp:attachment":[{"href":"https:\/\/www.oparanews.com.br\/index.php\/wp-json\/wp\/v2\/media?parent=17203"}],"wp:term":[{"taxonomy":"category","embeddable":true,"href":"https:\/\/www.oparanews.com.br\/index.php\/wp-json\/wp\/v2\/categories?post=17203"},{"taxonomy":"post_tag","embeddable":true,"href":"https:\/\/www.oparanews.com.br\/index.php\/wp-json\/wp\/v2\/tags?post=17203"}],"curies":[{"name":"wp","href":"https:\/\/api.w.org\/{rel}","templated":true}]}}