{"id":17206,"date":"2021-07-06T02:07:45","date_gmt":"2021-07-06T02:07:45","guid":{"rendered":"https:\/\/oparanews.com.br\/?p=17206"},"modified":"2021-07-06T02:07:45","modified_gmt":"2021-07-06T02:07:45","slug":"grazi-massafera-critica-governo-e-anuncia-saida-da-globo","status":"publish","type":"post","link":"https:\/\/www.oparanews.com.br\/index.php\/2021\/07\/06\/grazi-massafera-critica-governo-e-anuncia-saida-da-globo\/","title":{"rendered":"Grazi Massafera critica governo e anuncia sa\u00edda da Globo"},"content":{"rendered":"<p>No final de semana, Grazi Massafera fez um desabafo em seu perfil no Instagram e lamentou as vidas perdidas na pandemia do coronav\u00edrus. Na publica\u00e7\u00e3o, ela compartilhou a foto de uma mulher de m\u00e1scara segurando bal\u00f5es pretos com um cartaz escrito: &#8220;Quem voc\u00ea perdeu por 1 d\u00f3lar?&#8221;, se referindo \u00e0 falta de imunizantes no pa\u00eds.<\/p>\n<p><a href=\"https:\/\/oparanews.com.br\/grazi-massafera-critica-governo-e-anuncia-saida-da-globo\/sem-titulo-3727\/\" rel=\"attachment wp-att-17208\"><img loading=\"lazy\" decoding=\"async\" class=\"alignleft size-medium wp-image-17208\" src=\"https:\/\/oparanews.com.br\/wp-content\/uploads\/2021\/07\/Sem-t\u00edtulo-42-254x300.jpg\" alt=\"\" width=\"254\" height=\"300\" \/><\/a>&#8220;N\u00e3o d\u00e1 mais para ignorar que estamos em perigo. Estamos t\u00e3o desesperados que mais uma vez milhares de pessoas, com m\u00e1scaras foram gritar em plena pandemia. Estamos falando de vidas que n\u00e3o foram poupadas, hist\u00f3rias que n\u00e3o foram contadas por puro descaso. Vidas perdidas pelo \u00f3dio, pela imprud\u00eancia e pela viol\u00eancia. Descaso de gente que, em vez de nos comandar, nos condena ao perigo, \u00e0 morte&#8221;, comentou a atriz.<\/p>\n<p>Na sequ\u00eancia, pontuou a situa\u00e7\u00e3o das vacinas. &#8220;A gente precisa de for\u00e7a, de uni\u00e3o, de vacina, de comida no prato. Mas est\u00e1 dif\u00edcil. Mais de meio bilh\u00e3o de pessoas em luto e um pa\u00eds sem perspectiva de voltar a sonhar e de que seu povo tenha seus direitos respeitados. Chega!&#8221;, finalizou.<\/p>\n<p><strong>Sa\u00edda da TV Globo<\/strong><\/p>\n<p>J\u00e1 nos coment\u00e1rios, a atriz surpreendeu os seguidores ao revelar que &#8220;em breve&#8221; sa\u00edda da emissora. &#8220;Grazi, deixa de ficar do lado dessa Globo. Voc\u00ea \u00e9 maravilhosa, gente boa. Abre o seu olho&#8221;, comentou uma internauta. Na sequ\u00eancia, Massafera respondeu: &#8220;N\u00e3o estou ao lado da Globo. Inclusive, vou sair em breve. Estou do lado da minha consci\u00eancia, car\u00e1ter e humanidade, minha senhora&#8221;.<\/p>\n<p>&nbsp;<\/p>\n<p><strong>por Caroline Ferreira &#8211; Terra<\/strong><\/p>\n<p>&nbsp;<\/p>\n","protected":false},"excerpt":{"rendered":"<p>No final de semana, Grazi Massafera fez um desabafo em seu perfil no Instagram e lamentou as vidas perdidas na pandemia do coronav\u00edrus. Na publica\u00e7\u00e3o, ela compartilhou a foto de uma mulher de m\u00e1scara segurando bal\u00f5es pretos com um cartaz escrito: &#8220;Quem voc\u00ea perdeu por 1 d\u00f3lar?&#8221;, se referindo \u00e0 falta de imunizantes no pa\u00eds. &hellip;<\/p>\n","protected":false},"author":1,"featured_media":17207,"comment_status":"closed","ping_status":"closed","sticky":false,"template":"","format":"standard","meta":{"_jetpack_newsletter_access":"","_jetpack_dont_email_post_to_subs":false,"_jetpack_newsletter_tier_id":0,"_jetpack_memberships_contains_paywalled_content":false,"_jetpack_memberships_contains_paid_content":false,"footnotes":""},"categories":[1],"tags":[],"class_list":["post-17206","post","type-post","status-publish","format-standard","has-post-thumbnail","hentry","category-destaque"],"jetpack_sharing_enabled":true,"jetpack_featured_media_url":"","_links":{"self":[{"href":"https:\/\/www.oparanews.com.br\/index.php\/wp-json\/wp\/v2\/posts\/17206","targetHints":{"allow":["GET"]}}],"collection":[{"href":"https:\/\/www.oparanews.com.br\/index.php\/wp-json\/wp\/v2\/posts"}],"about":[{"href":"https:\/\/www.oparanews.com.br\/index.php\/wp-json\/wp\/v2\/types\/post"}],"author":[{"embeddable":true,"href":"https:\/\/www.oparanews.com.br\/index.php\/wp-json\/wp\/v2\/users\/1"}],"replies":[{"embeddable":true,"href":"https:\/\/www.oparanews.com.br\/index.php\/wp-json\/wp\/v2\/comments?post=17206"}],"version-history":[{"count":0,"href":"https:\/\/www.oparanews.com.br\/index.php\/wp-json\/wp\/v2\/posts\/17206\/revisions"}],"wp:attachment":[{"href":"https:\/\/www.oparanews.com.br\/index.php\/wp-json\/wp\/v2\/media?parent=17206"}],"wp:term":[{"taxonomy":"category","embeddable":true,"href":"https:\/\/www.oparanews.com.br\/index.php\/wp-json\/wp\/v2\/categories?post=17206"},{"taxonomy":"post_tag","embeddable":true,"href":"https:\/\/www.oparanews.com.br\/index.php\/wp-json\/wp\/v2\/tags?post=17206"}],"curies":[{"name":"wp","href":"https:\/\/api.w.org\/{rel}","templated":true}]}}