{"id":17211,"date":"2021-07-06T02:11:25","date_gmt":"2021-07-06T02:11:25","guid":{"rendered":"https:\/\/oparanews.com.br\/?p=17211"},"modified":"2021-07-06T02:11:25","modified_gmt":"2021-07-06T02:11:25","slug":"sergio-ramos-chega-a-paris-para-exames-e-assinar-com-o-psg","status":"publish","type":"post","link":"https:\/\/www.oparanews.com.br\/index.php\/2021\/07\/06\/sergio-ramos-chega-a-paris-para-exames-e-assinar-com-o-psg\/","title":{"rendered":"Sergio Ramos chega a Paris para exames e assinar com o PSG"},"content":{"rendered":"<p>A novela sobre o futuro do zagueiro Sergio Ramos est\u00e1 cada vez mais pr\u00f3xima de seu fim. De acordo com a imprensa espanhola, o defensor viajou nesta segunda-feira para a capital francesa, onde passar\u00e1 por exames m\u00e9dicos antes de assinar com o Paris Saint-Germain.<\/p>\n<p>Segundo o jornal &#8220;As&#8221;, de Madri, o an\u00fancio oficial e a apresenta\u00e7\u00e3o do atleta como novo jogador parisiense deve ocorrer at\u00e9 quarta-feira. Sergio Ramos acertou com o PSG por duas temporadas depois que seu irm\u00e3o e agente, Ren\u00e9 Ramos, viajou \u00e0 Fran\u00e7a na semana passada para acertar os \u00faltimos detalhes da contrato.<\/p>\n<p>Ainda de acordo com o portal, caso Sergio Ramos seja realmente anunciado at\u00e9 quarta-feira, existe a possibilidade de o zagueiro j\u00e1 fazer seu primeiro treino nesta semana. O elenco do Paris Saint-Germain se reapresentou ao t\u00e9cnico Mauricio Pochettino para a pr\u00e9-temporada nesta segunda-feira.<\/p>\n<p>Sergio Ramos deixou o Real Madrid ap\u00f3s 16 anos por n\u00e3o entrar em um acordo com o clube madrilenho por sua renova\u00e7\u00e3o. Al\u00e9m do PSG, o Manchester City tamb\u00e9m tinha interesse no defensor, mas a Premier League n\u00e3o era prioridade para o atleta.<\/p>\n<p>Desde 2005 no Real Madrid, Sergio Ramos \u00e9 um dos maiores nomes da hist\u00f3ria do clube espanhol, pelo qual conquistou 22 t\u00edtulos, incluindo cinco do Campeonato Espanhol e quatro da Liga dos Campe\u00f5es. Ao todo, o zagueiro entrou em campo 671 vezes pela equipe, sendo que marcou 101 gols e deu 40 assist\u00eancias.<\/p>\n<p>&nbsp;<\/p>\n<p><strong>Fonte: Lance<\/strong><\/p>\n<p>&nbsp;<\/p>\n","protected":false},"excerpt":{"rendered":"<p>A novela sobre o futuro do zagueiro Sergio Ramos est\u00e1 cada vez mais pr\u00f3xima de seu fim. De acordo com a imprensa espanhola, o defensor viajou nesta segunda-feira para a capital francesa, onde passar\u00e1 por exames m\u00e9dicos antes de assinar com o Paris Saint-Germain. Segundo o jornal &#8220;As&#8221;, de Madri, o an\u00fancio oficial e a &hellip;<\/p>\n","protected":false},"author":1,"featured_media":17212,"comment_status":"closed","ping_status":"closed","sticky":false,"template":"","format":"standard","meta":{"_jetpack_newsletter_access":"","_jetpack_dont_email_post_to_subs":false,"_jetpack_newsletter_tier_id":0,"_jetpack_memberships_contains_paywalled_content":false,"_jetpack_memberships_contains_paid_content":false,"footnotes":""},"categories":[1],"tags":[],"class_list":["post-17211","post","type-post","status-publish","format-standard","has-post-thumbnail","hentry","category-destaque"],"jetpack_sharing_enabled":true,"jetpack_featured_media_url":"","_links":{"self":[{"href":"https:\/\/www.oparanews.com.br\/index.php\/wp-json\/wp\/v2\/posts\/17211","targetHints":{"allow":["GET"]}}],"collection":[{"href":"https:\/\/www.oparanews.com.br\/index.php\/wp-json\/wp\/v2\/posts"}],"about":[{"href":"https:\/\/www.oparanews.com.br\/index.php\/wp-json\/wp\/v2\/types\/post"}],"author":[{"embeddable":true,"href":"https:\/\/www.oparanews.com.br\/index.php\/wp-json\/wp\/v2\/users\/1"}],"replies":[{"embeddable":true,"href":"https:\/\/www.oparanews.com.br\/index.php\/wp-json\/wp\/v2\/comments?post=17211"}],"version-history":[{"count":0,"href":"https:\/\/www.oparanews.com.br\/index.php\/wp-json\/wp\/v2\/posts\/17211\/revisions"}],"wp:attachment":[{"href":"https:\/\/www.oparanews.com.br\/index.php\/wp-json\/wp\/v2\/media?parent=17211"}],"wp:term":[{"taxonomy":"category","embeddable":true,"href":"https:\/\/www.oparanews.com.br\/index.php\/wp-json\/wp\/v2\/categories?post=17211"},{"taxonomy":"post_tag","embeddable":true,"href":"https:\/\/www.oparanews.com.br\/index.php\/wp-json\/wp\/v2\/tags?post=17211"}],"curies":[{"name":"wp","href":"https:\/\/api.w.org\/{rel}","templated":true}]}}