{"id":17214,"date":"2021-07-06T15:14:43","date_gmt":"2021-07-06T15:14:43","guid":{"rendered":"https:\/\/oparanews.com.br\/?p=17214"},"modified":"2021-07-06T15:14:43","modified_gmt":"2021-07-06T15:14:43","slug":"tres-homens-sao-presos-durante-operacao-policial-em-uniao-dos-palmares","status":"publish","type":"post","link":"https:\/\/www.oparanews.com.br\/index.php\/2021\/07\/06\/tres-homens-sao-presos-durante-operacao-policial-em-uniao-dos-palmares\/","title":{"rendered":"Tr\u00eas homens s\u00e3o presos durante opera\u00e7\u00e3o policial em Uni\u00e3o dos Palmares"},"content":{"rendered":"<p>Tr\u00eas suspeitos foram presos durante uma opera\u00e7\u00e3o policial contra o tr\u00e1fico de drogas em Uni\u00e3o dos Palmares, na manh\u00e3 desta ter\u00e7a-feira (6). Tamb\u00e9m foram feitas buscas em Macei\u00f3, mas n\u00e3o houve pris\u00e3o na capital.<\/p>\n<p>A \u201cOpera\u00e7\u00e3o Serra da Barriga\u201d, deflagrada pela Pol\u00edcia Militar, tinha como objetivo cumprir os mandados de busca e apreens\u00e3o expedidos pela 17\u00aa Vara Criminal da Capital, mas flagrou os suspeitos com material il\u00edcito.<\/p>\n<p>No total 9 mandados de busca e apreens\u00e3o foram expedidos, sendo 8 em Uni\u00e3o dos Palmares e 1 em Macei\u00f3.<\/p>\n<p>Durante as buscas, os policiais encontraram os tr\u00eas homens com drogas, armas, muni\u00e7\u00f5es e uma quantia de R$ 2.560 em dinheiro.<\/p>\n<p>Os suspeitos, de 24, 30 e 37 anos, foram presos em flagrante e levados para a delegacia regional de Uni\u00e3o dos Palmares.<\/p>\n<p>Materiais apreendidos<\/p>\n<p>2 celulares<br \/>\n1 Pistola de calibre 380<br \/>\n1 Carregador de 380<br \/>\n1 Carregador de glock<br \/>\n22 Muni\u00e7\u00f5es de calibre 38<br \/>\n502 Papelotes de coca\u00edna<br \/>\nAproximadamente 172g de pedra bruta de coca\u00edna<br \/>\nAproximadamente 200g de maconha<br \/>\nR$ 2.560 em esp\u00e9cie<\/p>\n<p>Participaram da opera\u00e7\u00e3o o Batalh\u00e3o de Pol\u00edcia Rodovi\u00e1rio (BPRv), o 2\u00ba Batalh\u00e3o de Pol\u00edcia Militar, Batalh\u00e3o de Guardas (BPGd) e a 2\u00aa Se\u00e7\u00e3o do Estado Maior Geral da PM.<\/p>\n<p>&nbsp;<\/p>\n<p><strong>Fonte: G1\/AL<\/strong><\/p>\n<p>&nbsp;<\/p>\n","protected":false},"excerpt":{"rendered":"<p>Tr\u00eas suspeitos foram presos durante uma opera\u00e7\u00e3o policial contra o tr\u00e1fico de drogas em Uni\u00e3o dos Palmares, na manh\u00e3 desta ter\u00e7a-feira (6). Tamb\u00e9m foram feitas buscas em Macei\u00f3, mas n\u00e3o houve pris\u00e3o na capital. A \u201cOpera\u00e7\u00e3o Serra da Barriga\u201d, deflagrada pela Pol\u00edcia Militar, tinha como objetivo cumprir os mandados de busca e apreens\u00e3o expedidos pela &hellip;<\/p>\n","protected":false},"author":1,"featured_media":17215,"comment_status":"closed","ping_status":"closed","sticky":false,"template":"","format":"standard","meta":{"_jetpack_newsletter_access":"","_jetpack_dont_email_post_to_subs":false,"_jetpack_newsletter_tier_id":0,"_jetpack_memberships_contains_paywalled_content":false,"_jetpack_memberships_contains_paid_content":false,"footnotes":""},"categories":[1],"tags":[],"class_list":["post-17214","post","type-post","status-publish","format-standard","has-post-thumbnail","hentry","category-destaque"],"jetpack_sharing_enabled":true,"jetpack_featured_media_url":"","_links":{"self":[{"href":"https:\/\/www.oparanews.com.br\/index.php\/wp-json\/wp\/v2\/posts\/17214","targetHints":{"allow":["GET"]}}],"collection":[{"href":"https:\/\/www.oparanews.com.br\/index.php\/wp-json\/wp\/v2\/posts"}],"about":[{"href":"https:\/\/www.oparanews.com.br\/index.php\/wp-json\/wp\/v2\/types\/post"}],"author":[{"embeddable":true,"href":"https:\/\/www.oparanews.com.br\/index.php\/wp-json\/wp\/v2\/users\/1"}],"replies":[{"embeddable":true,"href":"https:\/\/www.oparanews.com.br\/index.php\/wp-json\/wp\/v2\/comments?post=17214"}],"version-history":[{"count":0,"href":"https:\/\/www.oparanews.com.br\/index.php\/wp-json\/wp\/v2\/posts\/17214\/revisions"}],"wp:attachment":[{"href":"https:\/\/www.oparanews.com.br\/index.php\/wp-json\/wp\/v2\/media?parent=17214"}],"wp:term":[{"taxonomy":"category","embeddable":true,"href":"https:\/\/www.oparanews.com.br\/index.php\/wp-json\/wp\/v2\/categories?post=17214"},{"taxonomy":"post_tag","embeddable":true,"href":"https:\/\/www.oparanews.com.br\/index.php\/wp-json\/wp\/v2\/tags?post=17214"}],"curies":[{"name":"wp","href":"https:\/\/api.w.org\/{rel}","templated":true}]}}