{"id":17223,"date":"2021-07-06T15:37:01","date_gmt":"2021-07-06T15:37:01","guid":{"rendered":"https:\/\/oparanews.com.br\/?p=17223"},"modified":"2021-07-06T15:37:01","modified_gmt":"2021-07-06T15:37:01","slug":"por-reajuste-salarial-funcionarios-dos-correios-ameacam-deflagrar-greve","status":"publish","type":"post","link":"https:\/\/www.oparanews.com.br\/index.php\/2021\/07\/06\/por-reajuste-salarial-funcionarios-dos-correios-ameacam-deflagrar-greve\/","title":{"rendered":"Por reajuste salarial, funcion\u00e1rios dos Correios amea\u00e7am deflagrar greve"},"content":{"rendered":"<p>Funcion\u00e1rios dos Correios v\u00e3o se reunir em assembleia, nesta quinta-feira (8), para deliberar sobre a possibilidade de greve, diante da proposta de reajuste de 0% para a classe, assim como cria\u00e7\u00e3o de um banco de horas que, segundo o sindicato, impactaria no recebimento do valor de horas extras. A proposta foi recebida ap\u00f3s reuni\u00e3o realizada na \u00faltima quinta-feira (1\u00ba), entre trabalhadores e representantes dos Correios, para negocia\u00e7\u00e3o da campanha salarial 2021\/2022. Para a classe, a oferta \u00e9 absurda.<\/p>\n<p>&#8220;Os Correios tiveram um lucro bilion\u00e1rio em 2020. Na semana do dia 22 de junho deste ano, recebemos um memorando de que batemos o recorde de entregas nacionais em uma semana, foram 10,2 milh\u00f5es, quase 2 milh\u00f5es de entregas por dia. N\u00e3o h\u00e1 justificativa para o n\u00e3o reconhecimento do trabalho do servidor&#8221;, afirma Alysson Guerreiro, presidente do Sindicato dos Trabalhadores da Empresa dos Correios e Tel\u00e9grafos em Alagoas (Sintect-AL).<\/p>\n<p>Segundo Alysson, a classe estaria pedindo um aumento de 5%, a n\u00e3o a cria\u00e7\u00e3o do banco de horas, al\u00e9m de solicitar novas contrata\u00e7\u00f5es para o quadro de funcion\u00e1rios, alegando estarem com um quadro pequeno frente \u00e0 demanda, e tendo o \u00faltimo concurso sido realizado ainda em 2011.<\/p>\n<p>&#8220;Hoje, a gente vive sobrecarregado. Em 2011, t\u00ednhamos um quadro nacional de cerca de 125 mil servidores, 1.323 em Alagoas. Hoje, esse n\u00famero baixou para 89 mil e, no estado, somos 853&#8221;, contabiliza o presidente. Ele salienta que a classe est\u00e1 aberta ao dialogo, mas, uma vez mantida a posi\u00e7\u00e3o da empresa, ir\u00e1 deflagrar greve pela valoriza\u00e7\u00e3o dos trabalhos realizados no \u00faltimo ano.<\/p>\n<p>Procurada, a Empresa de Correios e Tel\u00e9grafos do Brasil (ECT) ainda n\u00e3o se pronunciou sobre o assunto.<\/p>\n<p><strong>Privatiza\u00e7\u00e3o<\/strong><\/p>\n<p>O presidente do sindicato se posicionou, ainda, quanto \u00e0 proposta de privatiza\u00e7\u00e3o da ECT, que tramita na C\u00e2mara Federal. Ele explica que, atualmente, frente \u00e0 concorr\u00eancia de empresas privadas, os Correios s\u00e3o a \u00fanica institui\u00e7\u00e3o que possui filiais em todos os munic\u00edpios do pa\u00eds.<\/p>\n<p>&#8220;Ser\u00e1 extremamente danoso. Muitas ag\u00eancias hoje n\u00e3o d\u00e3o lucro, est\u00e3o em munic\u00edpios afastados, cumprindo um papel social, gra\u00e7as ao servi\u00e7o p\u00fablico. Atualmente, somando desde empresas maiores at\u00e9 pequenos empreendimentos locais, h\u00e1 em torno de 2 mil concorrentes. Nenhum chega a todo o pa\u00eds e nenhum manter\u00e1 essa fun\u00e7\u00e3o social com a manuten\u00e7\u00e3o necess\u00e1ria&#8221;, aponta ainda o sindicalista.<\/p>\n<p>Inclu\u00edda na pauta da C\u00e2mara Federal, o relat\u00f3rio do Projeto de Lei da privatiza\u00e7\u00e3o dos Correios 591\/2021 deve ser entregue aos l\u00edderes ainda nesta ter\u00e7a-feira (6) pelo relator, deputado Gil Cutrim (Republicanos-MA).<\/p>\n<p>De acordo com presidente da C\u00e2mara, deputado Arthur Lira, conforme o prazo m\u00e1ximo programado pelo BNDES, os deputados t\u00eam at\u00e9 o final do m\u00eas que vem para aprovar o texto. A proposta do Minist\u00e9rio da Economia prev\u00ea que a Uni\u00e3o se desfa\u00e7a de 100% do capital da empresa.<\/p>\n<p>&nbsp;<\/p>\n<p><strong>por Lucas Carvalho &#8211; Gazetaweb<\/strong><\/p>\n<p>&nbsp;<\/p>\n","protected":false},"excerpt":{"rendered":"<p>Funcion\u00e1rios dos Correios v\u00e3o se reunir em assembleia, nesta quinta-feira (8), para deliberar sobre a possibilidade de greve, diante da proposta de reajuste de 0% para a classe, assim como cria\u00e7\u00e3o de um banco de horas que, segundo o sindicato, impactaria no recebimento do valor de horas extras. A proposta foi recebida ap\u00f3s reuni\u00e3o realizada &hellip;<\/p>\n","protected":false},"author":1,"featured_media":17224,"comment_status":"closed","ping_status":"closed","sticky":false,"template":"","format":"standard","meta":{"_jetpack_newsletter_access":"","_jetpack_dont_email_post_to_subs":false,"_jetpack_newsletter_tier_id":0,"_jetpack_memberships_contains_paywalled_content":false,"_jetpack_memberships_contains_paid_content":false,"footnotes":""},"categories":[1],"tags":[],"class_list":["post-17223","post","type-post","status-publish","format-standard","has-post-thumbnail","hentry","category-destaque"],"jetpack_sharing_enabled":true,"jetpack_featured_media_url":"","_links":{"self":[{"href":"https:\/\/www.oparanews.com.br\/index.php\/wp-json\/wp\/v2\/posts\/17223","targetHints":{"allow":["GET"]}}],"collection":[{"href":"https:\/\/www.oparanews.com.br\/index.php\/wp-json\/wp\/v2\/posts"}],"about":[{"href":"https:\/\/www.oparanews.com.br\/index.php\/wp-json\/wp\/v2\/types\/post"}],"author":[{"embeddable":true,"href":"https:\/\/www.oparanews.com.br\/index.php\/wp-json\/wp\/v2\/users\/1"}],"replies":[{"embeddable":true,"href":"https:\/\/www.oparanews.com.br\/index.php\/wp-json\/wp\/v2\/comments?post=17223"}],"version-history":[{"count":0,"href":"https:\/\/www.oparanews.com.br\/index.php\/wp-json\/wp\/v2\/posts\/17223\/revisions"}],"wp:attachment":[{"href":"https:\/\/www.oparanews.com.br\/index.php\/wp-json\/wp\/v2\/media?parent=17223"}],"wp:term":[{"taxonomy":"category","embeddable":true,"href":"https:\/\/www.oparanews.com.br\/index.php\/wp-json\/wp\/v2\/categories?post=17223"},{"taxonomy":"post_tag","embeddable":true,"href":"https:\/\/www.oparanews.com.br\/index.php\/wp-json\/wp\/v2\/tags?post=17223"}],"curies":[{"name":"wp","href":"https:\/\/api.w.org\/{rel}","templated":true}]}}