{"id":17226,"date":"2021-07-06T15:38:48","date_gmt":"2021-07-06T15:38:48","guid":{"rendered":"https:\/\/oparanews.com.br\/?p=17226"},"modified":"2021-07-06T15:38:48","modified_gmt":"2021-07-06T15:38:48","slug":"morre-o-sertanejo-kleber-aos-37-anos-vitima-da-covid-19","status":"publish","type":"post","link":"https:\/\/www.oparanews.com.br\/index.php\/2021\/07\/06\/morre-o-sertanejo-kleber-aos-37-anos-vitima-da-covid-19\/","title":{"rendered":"Morre o sertanejo Kleber, aos 37 anos, v\u00edtima da covid-19"},"content":{"rendered":"<p>O sertanejo Kleber Oliveira faleceu na segunda-feira, 5, por complica\u00e7\u00f5es da covid-19 aos 37 anos. O cantor, que fazia dupla com Kau\u00ea, estava internado no Hospital Estadual de Am\u00e9rico Brasiliense (HEAB), no interior de S\u00e3o Paulo, desde junho.<\/p>\n<p>A informa\u00e7\u00e3o da morte de Klebinho, como era conhecido tamb\u00e9m, foi confirmada pela Galdencio Produ\u00e7\u00f5es, empresa que gerenciava a dupla.<\/p>\n<p>\u201c\u00c9 com grande pesar que recebemos a not\u00edcia do falecimento de Kleber Oliveira, conhecido como Klebinho (Kleber e Kaue). Nossos mais profundos sentimentos aos amigos e toda a fam\u00edlia do artista\u201d, informa a nota publicada nas redes sociais.<\/p>\n<p>No dia 10 de junho, Mari Cybis, amiga de Kleber, havia postado uma foto com o sertanejo falando sobre seu estado de sa\u00fade. Na ocasi\u00e3o, o cantor estava internado em estado grave na UTI (Unidade de Terapia Intensiva), conforme relatou Mari.<\/p>\n<p>&#8220;Pe\u00e7o que orem pela recupera\u00e7\u00e3o dele, porque Deus j\u00e1 est\u00e1 operando o milagre e eu n\u00e3o duvido nenhum segundo que logo ele estar\u00e1 aqui conosco&#8221;, escreveu.<\/p>\n<p>Trabalhando com seu companheiro de palco, Kaue, os dois estavam juntos desde 2011 e s\u00e3o autores de m\u00fasicas como \u201cT\u00f4 Vendo que Voc\u00ea T\u00e1 Bem\u201d, \u201cEla n\u00e3o \u00e9 Voc\u00ea\u201d e \u201cGarrafa Vazia\u201d.<\/p>\n<p>Kleber deixa a esposa e uma filha.<\/p>\n<p>&nbsp;<\/p>\n<p><strong>Fonte: Terra<\/strong><\/p>\n<p>&nbsp;<\/p>\n","protected":false},"excerpt":{"rendered":"<p>O sertanejo Kleber Oliveira faleceu na segunda-feira, 5, por complica\u00e7\u00f5es da covid-19 aos 37 anos. O cantor, que fazia dupla com Kau\u00ea, estava internado no Hospital Estadual de Am\u00e9rico Brasiliense (HEAB), no interior de S\u00e3o Paulo, desde junho. A informa\u00e7\u00e3o da morte de Klebinho, como era conhecido tamb\u00e9m, foi confirmada pela Galdencio Produ\u00e7\u00f5es, empresa que &hellip;<\/p>\n","protected":false},"author":1,"featured_media":17227,"comment_status":"closed","ping_status":"closed","sticky":false,"template":"","format":"standard","meta":{"_jetpack_newsletter_access":"","_jetpack_dont_email_post_to_subs":false,"_jetpack_newsletter_tier_id":0,"_jetpack_memberships_contains_paywalled_content":false,"_jetpack_memberships_contains_paid_content":false,"footnotes":""},"categories":[1],"tags":[],"class_list":["post-17226","post","type-post","status-publish","format-standard","has-post-thumbnail","hentry","category-destaque"],"jetpack_sharing_enabled":true,"jetpack_featured_media_url":"","_links":{"self":[{"href":"https:\/\/www.oparanews.com.br\/index.php\/wp-json\/wp\/v2\/posts\/17226","targetHints":{"allow":["GET"]}}],"collection":[{"href":"https:\/\/www.oparanews.com.br\/index.php\/wp-json\/wp\/v2\/posts"}],"about":[{"href":"https:\/\/www.oparanews.com.br\/index.php\/wp-json\/wp\/v2\/types\/post"}],"author":[{"embeddable":true,"href":"https:\/\/www.oparanews.com.br\/index.php\/wp-json\/wp\/v2\/users\/1"}],"replies":[{"embeddable":true,"href":"https:\/\/www.oparanews.com.br\/index.php\/wp-json\/wp\/v2\/comments?post=17226"}],"version-history":[{"count":0,"href":"https:\/\/www.oparanews.com.br\/index.php\/wp-json\/wp\/v2\/posts\/17226\/revisions"}],"wp:attachment":[{"href":"https:\/\/www.oparanews.com.br\/index.php\/wp-json\/wp\/v2\/media?parent=17226"}],"wp:term":[{"taxonomy":"category","embeddable":true,"href":"https:\/\/www.oparanews.com.br\/index.php\/wp-json\/wp\/v2\/categories?post=17226"},{"taxonomy":"post_tag","embeddable":true,"href":"https:\/\/www.oparanews.com.br\/index.php\/wp-json\/wp\/v2\/tags?post=17226"}],"curies":[{"name":"wp","href":"https:\/\/api.w.org\/{rel}","templated":true}]}}