{"id":17229,"date":"2021-07-07T01:12:28","date_gmt":"2021-07-07T01:12:28","guid":{"rendered":"https:\/\/oparanews.com.br\/?p=17229"},"modified":"2021-07-07T01:12:28","modified_gmt":"2021-07-07T01:12:28","slug":"4-114-pessoas-ja-se-recuperaram-da-covid-19-em-penedo","status":"publish","type":"post","link":"https:\/\/www.oparanews.com.br\/index.php\/2021\/07\/07\/4-114-pessoas-ja-se-recuperaram-da-covid-19-em-penedo\/","title":{"rendered":"4.114 pessoas j\u00e1 se recuperaram da Covid-19 em Penedo"},"content":{"rendered":"<p>A Secretaria Municipal de Sa\u00fade de Penedo divulgou o Boletim Epidemiol\u00f3gico sobre a pandemia da Covid-19 desta ter\u00e7a-feira (6).<\/p>\n<p>Os dados mais recente mostram 4.564 casos confirmados da doen\u00e7a.<\/p>\n<p>Desse total, 4.114 pessoas j\u00e1 se recuperaram ap\u00f3s passarem pelos cuidados m\u00e9dicos. Al\u00e9m de 4.490 casos foram descartados.<\/p>\n<p>Os n\u00fameros desta ter\u00e7a-feira (6), tamb\u00e9m mostram que a Unidade de Refer\u00eancia em S\u00edndromes Gripais atendeu 94 pessoas, com 235 pessoas sendo monitoradas e 197 casos que aguardam resultados de exames.<\/p>\n<p>Foram coletados 27 exames para diagn\u00f3stico de Covid-19.<\/p>\n<p>Al\u00e9m disso, 73 pessoas morreram em decorr\u00eancia da pandemia no novo corona v\u00edrus em Penedo.<\/p>\n<p>A Prefeitura de Penedo informa tamb\u00e9m que a Unidade de S\u00edndromes Gripais localizada na Avenida Wanderlei, nas proximidades do trevo da \u201cToca do \u00cdndio\u201d, est\u00e1 funcionando de segunda a s\u00e1bado, das 7h \u00e0s 17h.<\/p>\n<p>A popula\u00e7\u00e3o deve observar o distanciamento social como medida preventiva, da mesma forma que o uso de m\u00e1scaras e a ado\u00e7\u00e3o de medidas de higiene, a exemplo de lavar corretamente as m\u00e3os e utilizar \u00e1lcool 70%.<\/p>\n<p><strong>Vacin\u00f4metro<\/strong><\/p>\n<p>O total de pessoas imunizadas contra o coronav\u00edrus em Penedo at\u00e9 hoje \u00e9 de 23.698 sendo que 7.502 j\u00e1 receberam a segunda dose da vacina.<\/p>\n<p>&nbsp;<\/p>\n<p><strong>Fonte: Decom &#8211; PMP<\/strong><\/p>\n<p>&nbsp;<\/p>\n","protected":false},"excerpt":{"rendered":"<p>A Secretaria Municipal de Sa\u00fade de Penedo divulgou o Boletim Epidemiol\u00f3gico sobre a pandemia da Covid-19 desta ter\u00e7a-feira (6). Os dados mais recente mostram 4.564 casos confirmados da doen\u00e7a. Desse total, 4.114 pessoas j\u00e1 se recuperaram ap\u00f3s passarem pelos cuidados m\u00e9dicos. Al\u00e9m de 4.490 casos foram descartados. Os n\u00fameros desta ter\u00e7a-feira (6), tamb\u00e9m mostram que &hellip;<\/p>\n","protected":false},"author":1,"featured_media":17230,"comment_status":"closed","ping_status":"closed","sticky":false,"template":"","format":"standard","meta":{"_jetpack_newsletter_access":"","_jetpack_dont_email_post_to_subs":false,"_jetpack_newsletter_tier_id":0,"_jetpack_memberships_contains_paywalled_content":false,"_jetpack_memberships_contains_paid_content":false,"footnotes":""},"categories":[1],"tags":[],"class_list":["post-17229","post","type-post","status-publish","format-standard","has-post-thumbnail","hentry","category-destaque"],"jetpack_sharing_enabled":true,"jetpack_featured_media_url":"","_links":{"self":[{"href":"https:\/\/www.oparanews.com.br\/index.php\/wp-json\/wp\/v2\/posts\/17229","targetHints":{"allow":["GET"]}}],"collection":[{"href":"https:\/\/www.oparanews.com.br\/index.php\/wp-json\/wp\/v2\/posts"}],"about":[{"href":"https:\/\/www.oparanews.com.br\/index.php\/wp-json\/wp\/v2\/types\/post"}],"author":[{"embeddable":true,"href":"https:\/\/www.oparanews.com.br\/index.php\/wp-json\/wp\/v2\/users\/1"}],"replies":[{"embeddable":true,"href":"https:\/\/www.oparanews.com.br\/index.php\/wp-json\/wp\/v2\/comments?post=17229"}],"version-history":[{"count":0,"href":"https:\/\/www.oparanews.com.br\/index.php\/wp-json\/wp\/v2\/posts\/17229\/revisions"}],"wp:attachment":[{"href":"https:\/\/www.oparanews.com.br\/index.php\/wp-json\/wp\/v2\/media?parent=17229"}],"wp:term":[{"taxonomy":"category","embeddable":true,"href":"https:\/\/www.oparanews.com.br\/index.php\/wp-json\/wp\/v2\/categories?post=17229"},{"taxonomy":"post_tag","embeddable":true,"href":"https:\/\/www.oparanews.com.br\/index.php\/wp-json\/wp\/v2\/tags?post=17229"}],"curies":[{"name":"wp","href":"https:\/\/api.w.org\/{rel}","templated":true}]}}