{"id":17232,"date":"2021-07-07T01:17:10","date_gmt":"2021-07-07T01:17:10","guid":{"rendered":"https:\/\/oparanews.com.br\/?p=17232"},"modified":"2021-07-07T01:17:10","modified_gmt":"2021-07-07T01:17:10","slug":"definida-a-data-para-retorno-das-aulas-presenciais-na-rede-estadual-de-alagoas","status":"publish","type":"post","link":"https:\/\/www.oparanews.com.br\/index.php\/2021\/07\/07\/definida-a-data-para-retorno-das-aulas-presenciais-na-rede-estadual-de-alagoas\/","title":{"rendered":"Definida a data para retorno das aulas presenciais na rede estadual de Alagoas"},"content":{"rendered":"<p>O retorno das aulas presenciais nas escolas da rede estadual de Alagoas j\u00e1 tem data definida: 16 de agosto. A decis\u00e3o foi publicada pela Secretaria da Educa\u00e7\u00e3o (Seduc) no Di\u00e1rio Oficial do Estado desta ter\u00e7a-feira (6). As atividades presenciais est\u00e3o suspensas h\u00e1 mais de um ano, por causa da pandemia do coronav\u00edrus.<\/p>\n<p>A justificativa do governo do estado para iniciar a retomada gradual das atividades na rede p\u00fablica \u00e9 o fato de que os professores se vacinaram, pelo menos com primeira dose, contra a Covid-19. A previs\u00e3o \u00e9 de que toda a categoria receba a segunda dose, que completa a imuniza\u00e7\u00e3o, at\u00e9 o pr\u00f3ximo m\u00eas.<\/p>\n<p>O retorno, contudo, n\u00e3o vai ser integral. As aulas acontecer\u00e3o em formato h\u00edbrido, com atividades presenciais e n\u00e3o presenciais e a presen\u00e7a em sala de aula de 50% dos estudantes matriculados em cada turma.<\/p>\n<p>&#8220;Os estudantes participar\u00e3o das aulas presenciais por revezamento semanal, inicialmente com 50% dos alunos de cada turma e gradativamente esse percentual ser\u00e1 ampliado, considerando o contexto da pandemia de Covid -19,&#8221; cita um trecho da publica\u00e7\u00e3o.<\/p>\n<p>Embora o Estado afirme que h\u00e1 seguran\u00e7a para a medida, o Sindicato dos Trabalhadores em Educa\u00e7\u00e3o de Alagoas (SINTEAL) contesta a previs\u00e3o de que todos os professores est\u00e3o completamente imunizados contra a Covid at\u00e9 agosto. O sindicado diz que, para que a seguran\u00e7a sanit\u00e1ria seja efetiva, seria necess\u00e1rio imunizar toda a comunidade escolar.<\/p>\n<p>Segundo a portaria, a divulga\u00e7\u00e3o sobre a volta \u00e0s aulas ser\u00e1 de responsabilidade das escolas, que dever\u00e3o repassar a informa\u00e7\u00e3o para os alunos. Al\u00e9m disso, as unidades de ensino devem realizar a prepara\u00e7\u00e3o dos espa\u00e7os f\u00edsicos, seguindo os protocolos e normas de preven\u00e7\u00e3o contra a Covid-19.<\/p>\n<p>Os recursos que ser\u00e3o utilizados pelas escolas para se adequarem \u00e0s exig\u00eancias sanit\u00e1rias ser\u00e3o do Programa Rumo \u00e0s Aulas, disponibilizados pelo repasse financeiro emergencial. O Governo de Alagoas afirma que as 310 escolas da rede j\u00e1 come\u00e7aram a receber os recursos do programa.<\/p>\n<p>&nbsp;<\/p>\n<p><strong>Fonte: G1\/AL<\/strong><\/p>\n<p>&nbsp;<\/p>\n","protected":false},"excerpt":{"rendered":"<p>O retorno das aulas presenciais nas escolas da rede estadual de Alagoas j\u00e1 tem data definida: 16 de agosto. A decis\u00e3o foi publicada pela Secretaria da Educa\u00e7\u00e3o (Seduc) no Di\u00e1rio Oficial do Estado desta ter\u00e7a-feira (6). As atividades presenciais est\u00e3o suspensas h\u00e1 mais de um ano, por causa da pandemia do coronav\u00edrus. A justificativa do &hellip;<\/p>\n","protected":false},"author":1,"featured_media":17233,"comment_status":"closed","ping_status":"closed","sticky":false,"template":"","format":"standard","meta":{"_jetpack_newsletter_access":"","_jetpack_dont_email_post_to_subs":false,"_jetpack_newsletter_tier_id":0,"_jetpack_memberships_contains_paywalled_content":false,"_jetpack_memberships_contains_paid_content":false,"footnotes":""},"categories":[1],"tags":[],"class_list":["post-17232","post","type-post","status-publish","format-standard","has-post-thumbnail","hentry","category-destaque"],"jetpack_sharing_enabled":true,"jetpack_featured_media_url":"","_links":{"self":[{"href":"https:\/\/www.oparanews.com.br\/index.php\/wp-json\/wp\/v2\/posts\/17232","targetHints":{"allow":["GET"]}}],"collection":[{"href":"https:\/\/www.oparanews.com.br\/index.php\/wp-json\/wp\/v2\/posts"}],"about":[{"href":"https:\/\/www.oparanews.com.br\/index.php\/wp-json\/wp\/v2\/types\/post"}],"author":[{"embeddable":true,"href":"https:\/\/www.oparanews.com.br\/index.php\/wp-json\/wp\/v2\/users\/1"}],"replies":[{"embeddable":true,"href":"https:\/\/www.oparanews.com.br\/index.php\/wp-json\/wp\/v2\/comments?post=17232"}],"version-history":[{"count":0,"href":"https:\/\/www.oparanews.com.br\/index.php\/wp-json\/wp\/v2\/posts\/17232\/revisions"}],"wp:attachment":[{"href":"https:\/\/www.oparanews.com.br\/index.php\/wp-json\/wp\/v2\/media?parent=17232"}],"wp:term":[{"taxonomy":"category","embeddable":true,"href":"https:\/\/www.oparanews.com.br\/index.php\/wp-json\/wp\/v2\/categories?post=17232"},{"taxonomy":"post_tag","embeddable":true,"href":"https:\/\/www.oparanews.com.br\/index.php\/wp-json\/wp\/v2\/tags?post=17232"}],"curies":[{"name":"wp","href":"https:\/\/api.w.org\/{rel}","templated":true}]}}