{"id":17238,"date":"2021-07-07T01:29:48","date_gmt":"2021-07-07T01:29:48","guid":{"rendered":"https:\/\/oparanews.com.br\/?p=17238"},"modified":"2021-07-07T01:29:48","modified_gmt":"2021-07-07T01:29:48","slug":"saude-anuncia-vacina-a-bancarios-e-funcionarios-dos-correios","status":"publish","type":"post","link":"https:\/\/www.oparanews.com.br\/index.php\/2021\/07\/07\/saude-anuncia-vacina-a-bancarios-e-funcionarios-dos-correios\/","title":{"rendered":"Sa\u00fade anuncia vacina a banc\u00e1rios e funcion\u00e1rios dos Correios"},"content":{"rendered":"<p>O Minist\u00e9rio da Sa\u00fade informou nesta ter\u00e7a-feira, 6, que incluiu as categorias dos banc\u00e1rios e dos trabalhadores dos Correios entre os grupos priorit\u00e1rios do Plano de Operacionaliza\u00e7\u00e3o da campanha de vacina\u00e7\u00e3o contra a covid-19.<\/p>\n<p>O an\u00fancio foi feito no Pal\u00e1cio do Planalto pelo ministro Marcelo Queiroga, ao lado de outros ministros, e comunicado por meio das redes sociais da pasta.<\/p>\n<p>N\u00e3o foi detalhado nos comunicados pelas redes sociais em que ordem de prioridade essas categorias foram inseridas.<\/p>\n<p>&nbsp;<\/p>\n<p><strong>Fonte: Terra<\/strong><\/p>\n<p>&nbsp;<\/p>\n","protected":false},"excerpt":{"rendered":"<p>O Minist\u00e9rio da Sa\u00fade informou nesta ter\u00e7a-feira, 6, que incluiu as categorias dos banc\u00e1rios e dos trabalhadores dos Correios entre os grupos priorit\u00e1rios do Plano de Operacionaliza\u00e7\u00e3o da campanha de vacina\u00e7\u00e3o contra a covid-19. O an\u00fancio foi feito no Pal\u00e1cio do Planalto pelo ministro Marcelo Queiroga, ao lado de outros ministros, e comunicado por meio &hellip;<\/p>\n","protected":false},"author":1,"featured_media":17239,"comment_status":"closed","ping_status":"closed","sticky":false,"template":"","format":"standard","meta":{"_jetpack_newsletter_access":"","_jetpack_dont_email_post_to_subs":false,"_jetpack_newsletter_tier_id":0,"_jetpack_memberships_contains_paywalled_content":false,"_jetpack_memberships_contains_paid_content":false,"footnotes":""},"categories":[1],"tags":[],"class_list":["post-17238","post","type-post","status-publish","format-standard","has-post-thumbnail","hentry","category-destaque"],"jetpack_sharing_enabled":true,"jetpack_featured_media_url":"","_links":{"self":[{"href":"https:\/\/www.oparanews.com.br\/index.php\/wp-json\/wp\/v2\/posts\/17238","targetHints":{"allow":["GET"]}}],"collection":[{"href":"https:\/\/www.oparanews.com.br\/index.php\/wp-json\/wp\/v2\/posts"}],"about":[{"href":"https:\/\/www.oparanews.com.br\/index.php\/wp-json\/wp\/v2\/types\/post"}],"author":[{"embeddable":true,"href":"https:\/\/www.oparanews.com.br\/index.php\/wp-json\/wp\/v2\/users\/1"}],"replies":[{"embeddable":true,"href":"https:\/\/www.oparanews.com.br\/index.php\/wp-json\/wp\/v2\/comments?post=17238"}],"version-history":[{"count":0,"href":"https:\/\/www.oparanews.com.br\/index.php\/wp-json\/wp\/v2\/posts\/17238\/revisions"}],"wp:attachment":[{"href":"https:\/\/www.oparanews.com.br\/index.php\/wp-json\/wp\/v2\/media?parent=17238"}],"wp:term":[{"taxonomy":"category","embeddable":true,"href":"https:\/\/www.oparanews.com.br\/index.php\/wp-json\/wp\/v2\/categories?post=17238"},{"taxonomy":"post_tag","embeddable":true,"href":"https:\/\/www.oparanews.com.br\/index.php\/wp-json\/wp\/v2\/tags?post=17238"}],"curies":[{"name":"wp","href":"https:\/\/api.w.org\/{rel}","templated":true}]}}