{"id":17241,"date":"2021-07-07T01:32:00","date_gmt":"2021-07-07T01:32:00","guid":{"rendered":"https:\/\/oparanews.com.br\/?p=17241"},"modified":"2021-07-07T01:32:00","modified_gmt":"2021-07-07T01:32:00","slug":"am-nao-tem-obito-pela-1a-vez-desde-abril-de-2020","status":"publish","type":"post","link":"https:\/\/www.oparanews.com.br\/index.php\/2021\/07\/07\/am-nao-tem-obito-pela-1a-vez-desde-abril-de-2020\/","title":{"rendered":"AM n\u00e3o tem \u00f3bito pela 1\u00aa vez desde abril de 2020"},"content":{"rendered":"<p>O Brasil registrou 1.787 mortes por Covid-19 nas \u00faltimas 24 horas, totalizando nesta ter\u00e7a-feira (6) 527.016 \u00f3bitos desde o in\u00edcio da pandemia. Com isso, a m\u00e9dia m\u00f3vel de mortes nos \u00faltimos 7 dias chegou a 1.557. Em compara\u00e7\u00e3o \u00e0 m\u00e9dia de 14 dias atr\u00e1s, a varia\u00e7\u00e3o foi de -19% e aponta tend\u00eancia de queda. \u00c9 o 10\u00ba dia seguido de queda nesse comparativo.<\/p>\n<p>Em ritmo de diminui\u00e7\u00e3o ainda mais animador do que o dos \u00f3bitos no pa\u00eds, a m\u00e9dia m\u00f3vel de casos da doen\u00e7a atingiu seu maior indicativo de queda (-37%) em rela\u00e7\u00e3o a 14 dias, considerando os dados desde o in\u00edcio da pandemia (leia mais abaixo).<\/p>\n<p>Outro destaque do balan\u00e7o do dia \u00e9 que o estado do AM n\u00e3o registrou novas mortes em 24 horas pela primeira vez desde 1\u00ba de abril de 2020, no come\u00e7o da pandemia. Isso meses ap\u00f3s a crise em que mergulhou o estado no come\u00e7o de 2021, quando a m\u00e9dia m\u00f3vel chegou a indicar quase 150 v\u00edtimas di\u00e1rias da doen\u00e7a no in\u00edcio de fevereiro.<\/p>\n<p>Os n\u00fameros est\u00e3o no novo levantamento do cons\u00f3rcio de ve\u00edculos de imprensa sobre a situa\u00e7\u00e3o da pandemia de coronav\u00edrus no Brasil, consolidados \u00e0s 20h desta ter\u00e7a. O balan\u00e7o \u00e9 feito a partir de dados das secretarias estaduais de Sa\u00fade.<\/p>\n<p>Veja a sequ\u00eancia da \u00faltima semana na m\u00e9dia m\u00f3vel:<\/p>\n<p>Quarta (30): 1.572<br \/>\nQuinta (1\u00b0): 1.558<br \/>\nSexta (2): 1.542<br \/>\nS\u00e1bado (3): 1.554<br \/>\nDomingo (4): 1.562<br \/>\nSegunda (5): 1.575<br \/>\nTer\u00e7a (6): 1.557<\/p>\n<p>De 17 de mar\u00e7o at\u00e9 10 de maio, foram 55 dias seguidos com essa m\u00e9dia m\u00f3vel de mortes acima de 2 mil. No pior momento desse per\u00edodo, a m\u00e9dia chegou ao recorde de 3.125, no dia 12 de abril.<\/p>\n<p>Apenas o Acre apresenta tend\u00eancia de alta nas mortes. Temos oito estados em estabilidade; DF e outros 17 apontam queda no comparativo com 14 dias atr\u00e1s.<\/p>\n<p>No AM, mesmo sem registro de mortes em 24 horas, a m\u00e9dia m\u00f3vel est\u00e1 em 7 v\u00edtimas por dia. O estado aparece no grupo que registra queda no comparativo com duas semanas atr\u00e1s, com -22%.<\/p>\n<p>Em casos confirmados, desde o come\u00e7o da pandemia, 18.854.806 brasileiros j\u00e1 tiveram ou t\u00eam o novo coronav\u00edrus, com 62.730 desses confirmados no \u00faltimo dia. A m\u00e9dia m\u00f3vel nos \u00faltimos 7 dias foi de 48.954 novos diagn\u00f3sticos por dia &#8211; a mais baixa desde 23 de fevereiro (quando estava em 48.469). Isso representa uma varia\u00e7\u00e3o de -37% em rela\u00e7\u00e3o aos casos registrados na m\u00e9dia h\u00e1 duas semanas, o que indica tend\u00eancia de queda tamb\u00e9m nos diagn\u00f3sticos.<\/p>\n<p>Esses -37% representam a maior queda registrada na m\u00e9dia de casos desde o in\u00edcio da pandemia. Na v\u00e9spera, a marca j\u00e1 havia sido estabelecida com o indicativo de -33%, e agora foi superada. Antes, por duas vezes o comparativo chegou a indicar -32%: em 13 de setembro de 2020 (quando a m\u00e9dia estava em 27.507) e neste \u00faltimo domingo (quando ficou em 49.881).<\/p>\n<p>Em seu pior momento, a curva da m\u00e9dia de diagn\u00f3sticos chegou \u00e0 marca de 77.295 novos casos di\u00e1rios, no dia 23 de junho.<\/p>\n<p>&nbsp;<\/p>\n<p><strong>Fonte: G1<\/strong><\/p>\n<p>&nbsp;<\/p>\n","protected":false},"excerpt":{"rendered":"<p>O Brasil registrou 1.787 mortes por Covid-19 nas \u00faltimas 24 horas, totalizando nesta ter\u00e7a-feira (6) 527.016 \u00f3bitos desde o in\u00edcio da pandemia. Com isso, a m\u00e9dia m\u00f3vel de mortes nos \u00faltimos 7 dias chegou a 1.557. Em compara\u00e7\u00e3o \u00e0 m\u00e9dia de 14 dias atr\u00e1s, a varia\u00e7\u00e3o foi de -19% e aponta tend\u00eancia de queda. \u00c9 &hellip;<\/p>\n","protected":false},"author":1,"featured_media":17242,"comment_status":"closed","ping_status":"closed","sticky":false,"template":"","format":"standard","meta":{"_jetpack_newsletter_access":"","_jetpack_dont_email_post_to_subs":false,"_jetpack_newsletter_tier_id":0,"_jetpack_memberships_contains_paywalled_content":false,"_jetpack_memberships_contains_paid_content":false,"footnotes":""},"categories":[1],"tags":[],"class_list":["post-17241","post","type-post","status-publish","format-standard","has-post-thumbnail","hentry","category-destaque"],"jetpack_sharing_enabled":true,"jetpack_featured_media_url":"","_links":{"self":[{"href":"https:\/\/www.oparanews.com.br\/index.php\/wp-json\/wp\/v2\/posts\/17241","targetHints":{"allow":["GET"]}}],"collection":[{"href":"https:\/\/www.oparanews.com.br\/index.php\/wp-json\/wp\/v2\/posts"}],"about":[{"href":"https:\/\/www.oparanews.com.br\/index.php\/wp-json\/wp\/v2\/types\/post"}],"author":[{"embeddable":true,"href":"https:\/\/www.oparanews.com.br\/index.php\/wp-json\/wp\/v2\/users\/1"}],"replies":[{"embeddable":true,"href":"https:\/\/www.oparanews.com.br\/index.php\/wp-json\/wp\/v2\/comments?post=17241"}],"version-history":[{"count":0,"href":"https:\/\/www.oparanews.com.br\/index.php\/wp-json\/wp\/v2\/posts\/17241\/revisions"}],"wp:attachment":[{"href":"https:\/\/www.oparanews.com.br\/index.php\/wp-json\/wp\/v2\/media?parent=17241"}],"wp:term":[{"taxonomy":"category","embeddable":true,"href":"https:\/\/www.oparanews.com.br\/index.php\/wp-json\/wp\/v2\/categories?post=17241"},{"taxonomy":"post_tag","embeddable":true,"href":"https:\/\/www.oparanews.com.br\/index.php\/wp-json\/wp\/v2\/tags?post=17241"}],"curies":[{"name":"wp","href":"https:\/\/api.w.org\/{rel}","templated":true}]}}