{"id":17244,"date":"2021-07-07T01:36:47","date_gmt":"2021-07-07T01:36:47","guid":{"rendered":"https:\/\/oparanews.com.br\/?p=17244"},"modified":"2021-07-07T01:36:47","modified_gmt":"2021-07-07T01:36:47","slug":"relacao-entre-flamengo-e-ceni-esta-cada-vez-mais-desgastada","status":"publish","type":"post","link":"https:\/\/www.oparanews.com.br\/index.php\/2021\/07\/07\/relacao-entre-flamengo-e-ceni-esta-cada-vez-mais-desgastada\/","title":{"rendered":"Rela\u00e7\u00e3o entre Flamengo e Ceni est\u00e1 cada vez mais desgastada"},"content":{"rendered":"<p>O clima n\u00e3o est\u00e1 nada bom para Rog\u00e9rio Ceni no Flamengo. Segundo informa\u00e7\u00f5es publicadas pelo site &#8220;GE&#8221;, o t\u00e9cnico vem sofrendo cada vez mais com o desgaste interno e tem se mostrado distante no Ninho do Urubu, com algumas pessoas o apontando como &#8220;introspectivo&#8221; e &#8220;depressivo&#8221;.<\/p>\n<p>De acordo com o portal, al\u00e9m de uma rela\u00e7\u00e3o fria com a maioria das pessoas do clube, Ceni n\u00e3o tem falado a mesma l\u00edngua que a diretoria. O treinador n\u00e3o gostou nada de n\u00e3o receber respaldo em atitudes de indisciplina de alguns jogadores, como Gabigol, Gerson, Bruno Henrique, Pedro e Michael, que reclamaram publicamente de substitui\u00e7\u00f5es. Nenhum deles foi repreendido internamente.<\/p>\n<p>A falta de refor\u00e7os \u00e9 outro ponto de diverg\u00eancia entre o treinador e a c\u00fapula rubro-negra. Na opini\u00e3o de Ceni, a reposi\u00e7\u00e3o para a sa\u00edda iminente de Gerson, al\u00e9m do desfalque constante de jogadores por convoca\u00e7\u00f5es para as sele\u00e7\u00f5es em Datas Fifa, deveria ter acontecido.<\/p>\n<p>Outro ponto que preocupa \u00e9 a rela\u00e7\u00e3o com jogadores, que n\u00e3o \u00e9 das melhores. Al\u00e9m de questionamento por escala\u00e7\u00f5es, Ceni tem mais proximidade e di\u00e1logo com jogadores mais experientes, deixando os menos badalados em segundo plano.<\/p>\n<p>Em um cen\u00e1rio turbulento, o Rubro-Negro volta a campo nesta quarta-feira, diante do Atl\u00e9tico-MG, em Belo Horizonte.<\/p>\n<p>&nbsp;<\/p>\n<p><strong>Fonte: IG<\/strong><\/p>\n<p>&nbsp;<\/p>\n","protected":false},"excerpt":{"rendered":"<p>O clima n\u00e3o est\u00e1 nada bom para Rog\u00e9rio Ceni no Flamengo. Segundo informa\u00e7\u00f5es publicadas pelo site &#8220;GE&#8221;, o t\u00e9cnico vem sofrendo cada vez mais com o desgaste interno e tem se mostrado distante no Ninho do Urubu, com algumas pessoas o apontando como &#8220;introspectivo&#8221; e &#8220;depressivo&#8221;. De acordo com o portal, al\u00e9m de uma rela\u00e7\u00e3o &hellip;<\/p>\n","protected":false},"author":1,"featured_media":17245,"comment_status":"closed","ping_status":"closed","sticky":false,"template":"","format":"standard","meta":{"_jetpack_newsletter_access":"","_jetpack_dont_email_post_to_subs":false,"_jetpack_newsletter_tier_id":0,"_jetpack_memberships_contains_paywalled_content":false,"_jetpack_memberships_contains_paid_content":false,"footnotes":""},"categories":[1],"tags":[],"class_list":["post-17244","post","type-post","status-publish","format-standard","has-post-thumbnail","hentry","category-destaque"],"jetpack_sharing_enabled":true,"jetpack_featured_media_url":"","_links":{"self":[{"href":"https:\/\/www.oparanews.com.br\/index.php\/wp-json\/wp\/v2\/posts\/17244","targetHints":{"allow":["GET"]}}],"collection":[{"href":"https:\/\/www.oparanews.com.br\/index.php\/wp-json\/wp\/v2\/posts"}],"about":[{"href":"https:\/\/www.oparanews.com.br\/index.php\/wp-json\/wp\/v2\/types\/post"}],"author":[{"embeddable":true,"href":"https:\/\/www.oparanews.com.br\/index.php\/wp-json\/wp\/v2\/users\/1"}],"replies":[{"embeddable":true,"href":"https:\/\/www.oparanews.com.br\/index.php\/wp-json\/wp\/v2\/comments?post=17244"}],"version-history":[{"count":0,"href":"https:\/\/www.oparanews.com.br\/index.php\/wp-json\/wp\/v2\/posts\/17244\/revisions"}],"wp:attachment":[{"href":"https:\/\/www.oparanews.com.br\/index.php\/wp-json\/wp\/v2\/media?parent=17244"}],"wp:term":[{"taxonomy":"category","embeddable":true,"href":"https:\/\/www.oparanews.com.br\/index.php\/wp-json\/wp\/v2\/categories?post=17244"},{"taxonomy":"post_tag","embeddable":true,"href":"https:\/\/www.oparanews.com.br\/index.php\/wp-json\/wp\/v2\/tags?post=17244"}],"curies":[{"name":"wp","href":"https:\/\/api.w.org\/{rel}","templated":true}]}}