{"id":17247,"date":"2021-07-07T16:05:41","date_gmt":"2021-07-07T16:05:41","guid":{"rendered":"https:\/\/oparanews.com.br\/?p=17247"},"modified":"2021-07-07T16:05:41","modified_gmt":"2021-07-07T16:05:41","slug":"edital-do-concurso-da-educacao-de-alagoas-e-lancado-com-3-mil-vagas","status":"publish","type":"post","link":"https:\/\/www.oparanews.com.br\/index.php\/2021\/07\/07\/edital-do-concurso-da-educacao-de-alagoas-e-lancado-com-3-mil-vagas\/","title":{"rendered":"Edital do concurso da educa\u00e7\u00e3o de Alagoas \u00e9 lan\u00e7ado com 3 mil vagas"},"content":{"rendered":"<p>O edital do concurso da Secretaria de Estado da Educa\u00e7\u00e3o (Seduc) foi lan\u00e7ado nesta quarta-feira (7), com 3 mil vagas para professor do ensino regular, ensino especial e educa\u00e7\u00e3o de ind\u00edgenas. As inscri\u00e7\u00f5es come\u00e7am no dia 16 de julho e v\u00e3o at\u00e9 20 de agosto.<\/p>\n<p>O sal\u00e1rio inicial \u00e9 de R$ 2.433,95. A publica\u00e7\u00e3o com os detalhes do concurso foi feita no Di\u00e1rio Oficial do Estado, pela Secretaria do Planejamento, Gest\u00e3o e Patrim\u00f4nio (Seplag).<\/p>\n<p><a href=\"https:\/\/cdn.cebraspe.org.br\/concursos\/SEDUC_AL_21\/arquivos\/ED_SEDUC_AL_21_ABERTURA.PDF\"><strong>Clique aqui para baixar o edital completo<\/strong><\/a><\/p>\n<p>Entre as vagas ofertadas h\u00e1 483 para a \u00e1rea de pedagogia, sendo 342 para a educa\u00e7\u00e3o especial e 141 para ind\u00edgenas que t\u00eam especialidade nos anos iniciais do ensino fundamental. O restante das vagas \u00e9 para professor de 14 \u00e1reas de atua\u00e7\u00e3o.<\/p>\n<p>A inscri\u00e7\u00e3o vai custar R$ 95,00 e pode ser feita pelo <a href=\"https:\/\/www.cebraspe.org.br\/concursos\/SEDUC_AL_21\"><strong>site do Cebraspe<\/strong><\/a> a partir da data definida no edital.<\/p>\n<p>As provas objetivas ser\u00e3o de conhecimentos gerais e espec\u00edficos. A data prevista para a realiza\u00e7\u00e3o do concurso \u00e9 17 de outubro, com aplica\u00e7\u00e3o em Macei\u00f3 e Arapiraca. Os candidatos tamb\u00e9m devem preparar a documenta\u00e7\u00e3o para a etapa da prova de t\u00edtulos.<\/p>\n<p>\u201cHoje entra em funcionamento mais uma a\u00e7\u00e3o do programa do Governo de Alagoas, o Mais Professor, com o lan\u00e7amento do edital do Concurso P\u00fablico da Educa\u00e7\u00e3o. S\u00e3o tr\u00eas mil novas vagas em diversos campos de ensino, um deles muito demandado e essencial para toda a comunidade escolar, que \u00e9 o de pedagogia da educa\u00e7\u00e3o especial, garantindo que nossas unidades estejam aptas e preparadas para receber todos os alunos, sem distin\u00e7\u00e3o. O concurso chega, ent\u00e3o, para suprir grande parte da nossa car\u00eancia do quadro de profissionais e conseguimos, dessa forma, valorizar o servidor p\u00fablico efetivo, principalmente eles que fazem e s\u00e3o respons\u00e1veis pelo ensino dos nossos jovens e crian\u00e7as\u201d, disse o secret\u00e1rio da Educa\u00e7\u00e3o, Rafael Brito.<\/p>\n<p>&nbsp;<\/p>\n<p><strong>Fonte: G1\/AL<\/strong><\/p>\n<p>&nbsp;<\/p>\n","protected":false},"excerpt":{"rendered":"<p>O edital do concurso da Secretaria de Estado da Educa\u00e7\u00e3o (Seduc) foi lan\u00e7ado nesta quarta-feira (7), com 3 mil vagas para professor do ensino regular, ensino especial e educa\u00e7\u00e3o de ind\u00edgenas. As inscri\u00e7\u00f5es come\u00e7am no dia 16 de julho e v\u00e3o at\u00e9 20 de agosto. O sal\u00e1rio inicial \u00e9 de R$ 2.433,95. A publica\u00e7\u00e3o com &hellip;<\/p>\n","protected":false},"author":1,"featured_media":17248,"comment_status":"closed","ping_status":"closed","sticky":false,"template":"","format":"standard","meta":{"_jetpack_newsletter_access":"","_jetpack_dont_email_post_to_subs":false,"_jetpack_newsletter_tier_id":0,"_jetpack_memberships_contains_paywalled_content":false,"_jetpack_memberships_contains_paid_content":false,"footnotes":""},"categories":[1],"tags":[],"class_list":["post-17247","post","type-post","status-publish","format-standard","has-post-thumbnail","hentry","category-destaque"],"jetpack_sharing_enabled":true,"jetpack_featured_media_url":"","_links":{"self":[{"href":"https:\/\/www.oparanews.com.br\/index.php\/wp-json\/wp\/v2\/posts\/17247","targetHints":{"allow":["GET"]}}],"collection":[{"href":"https:\/\/www.oparanews.com.br\/index.php\/wp-json\/wp\/v2\/posts"}],"about":[{"href":"https:\/\/www.oparanews.com.br\/index.php\/wp-json\/wp\/v2\/types\/post"}],"author":[{"embeddable":true,"href":"https:\/\/www.oparanews.com.br\/index.php\/wp-json\/wp\/v2\/users\/1"}],"replies":[{"embeddable":true,"href":"https:\/\/www.oparanews.com.br\/index.php\/wp-json\/wp\/v2\/comments?post=17247"}],"version-history":[{"count":0,"href":"https:\/\/www.oparanews.com.br\/index.php\/wp-json\/wp\/v2\/posts\/17247\/revisions"}],"wp:attachment":[{"href":"https:\/\/www.oparanews.com.br\/index.php\/wp-json\/wp\/v2\/media?parent=17247"}],"wp:term":[{"taxonomy":"category","embeddable":true,"href":"https:\/\/www.oparanews.com.br\/index.php\/wp-json\/wp\/v2\/categories?post=17247"},{"taxonomy":"post_tag","embeddable":true,"href":"https:\/\/www.oparanews.com.br\/index.php\/wp-json\/wp\/v2\/tags?post=17247"}],"curies":[{"name":"wp","href":"https:\/\/api.w.org\/{rel}","templated":true}]}}