{"id":17256,"date":"2021-07-08T00:32:19","date_gmt":"2021-07-08T00:32:19","guid":{"rendered":"https:\/\/oparanews.com.br\/?p=17256"},"modified":"2021-07-08T00:32:19","modified_gmt":"2021-07-08T00:32:19","slug":"rafael-portugal-pode-ganhar-programa-na-globo","status":"publish","type":"post","link":"https:\/\/www.oparanews.com.br\/index.php\/2021\/07\/08\/rafael-portugal-pode-ganhar-programa-na-globo\/","title":{"rendered":"Rafael Portugal pode ganhar programa na Globo"},"content":{"rendered":"<p>Depois de Ana Clara, agora chegou a vez de Rafael Portugal ganhar um programa na Globo! O humorista, que conquistou o p\u00fablico do \u201cBBB\u201d com sua participa\u00e7\u00e3o hil\u00e1ria no quadro \u201cCAT\u201d onde faz piada com a trajet\u00f3ria dos participantes, est\u00e1 em negocia\u00e7\u00e3o com a emissora.<\/p>\n<p>A informa\u00e7\u00e3o \u00e9 da colunista Patr\u00edcia Kogut, do Jornal o Globo. Pelo que parece, nesta sexta-feira (9) Rafael Portugal participar\u00e1 de uma reuni\u00e3o para acertar os detalhes do programa que, at\u00e9 o momento, n\u00e3o teve seu formato divulgado.<\/p>\n<p>Anteriormente, Rafael j\u00e1 se destacava no teatro e no \u201cPorta dos Fundos\u201d. Na Globo, participou recentemente do \u201cCasa Kalimann\u201d, de Rafa Kalimann, e muito \u00e9 querido por Boninho, diretor de g\u00eanero de Variedades.<\/p>\n<p>O humorista ainda est\u00e1 para lan\u00e7ar o filme \u201cJuntos e enrolados\u201d e faz parte do elenco de \u201cA culpa \u00e9 do Cabral\u201d, no Comedy Central.<\/p>\n<p>&nbsp;<\/p>\n<p><strong>Fonte: Popline<\/strong><\/p>\n<p>&nbsp;<\/p>\n","protected":false},"excerpt":{"rendered":"<p>Depois de Ana Clara, agora chegou a vez de Rafael Portugal ganhar um programa na Globo! O humorista, que conquistou o p\u00fablico do \u201cBBB\u201d com sua participa\u00e7\u00e3o hil\u00e1ria no quadro \u201cCAT\u201d onde faz piada com a trajet\u00f3ria dos participantes, est\u00e1 em negocia\u00e7\u00e3o com a emissora. A informa\u00e7\u00e3o \u00e9 da colunista Patr\u00edcia Kogut, do Jornal o &hellip;<\/p>\n","protected":false},"author":1,"featured_media":17257,"comment_status":"closed","ping_status":"closed","sticky":false,"template":"","format":"standard","meta":{"_jetpack_newsletter_access":"","_jetpack_dont_email_post_to_subs":false,"_jetpack_newsletter_tier_id":0,"_jetpack_memberships_contains_paywalled_content":false,"_jetpack_memberships_contains_paid_content":false,"footnotes":""},"categories":[1],"tags":[],"class_list":["post-17256","post","type-post","status-publish","format-standard","has-post-thumbnail","hentry","category-destaque"],"jetpack_sharing_enabled":true,"jetpack_featured_media_url":"","_links":{"self":[{"href":"https:\/\/www.oparanews.com.br\/index.php\/wp-json\/wp\/v2\/posts\/17256","targetHints":{"allow":["GET"]}}],"collection":[{"href":"https:\/\/www.oparanews.com.br\/index.php\/wp-json\/wp\/v2\/posts"}],"about":[{"href":"https:\/\/www.oparanews.com.br\/index.php\/wp-json\/wp\/v2\/types\/post"}],"author":[{"embeddable":true,"href":"https:\/\/www.oparanews.com.br\/index.php\/wp-json\/wp\/v2\/users\/1"}],"replies":[{"embeddable":true,"href":"https:\/\/www.oparanews.com.br\/index.php\/wp-json\/wp\/v2\/comments?post=17256"}],"version-history":[{"count":0,"href":"https:\/\/www.oparanews.com.br\/index.php\/wp-json\/wp\/v2\/posts\/17256\/revisions"}],"wp:attachment":[{"href":"https:\/\/www.oparanews.com.br\/index.php\/wp-json\/wp\/v2\/media?parent=17256"}],"wp:term":[{"taxonomy":"category","embeddable":true,"href":"https:\/\/www.oparanews.com.br\/index.php\/wp-json\/wp\/v2\/categories?post=17256"},{"taxonomy":"post_tag","embeddable":true,"href":"https:\/\/www.oparanews.com.br\/index.php\/wp-json\/wp\/v2\/tags?post=17256"}],"curies":[{"name":"wp","href":"https:\/\/api.w.org\/{rel}","templated":true}]}}