{"id":17262,"date":"2021-07-08T00:45:05","date_gmt":"2021-07-08T00:45:05","guid":{"rendered":"https:\/\/oparanews.com.br\/?p=17262"},"modified":"2021-07-08T00:45:05","modified_gmt":"2021-07-08T00:45:05","slug":"manoel-messias-e-empossado-secretario-de-abastecimento-e-desenvolvimento-agricola-de-penedo","status":"publish","type":"post","link":"https:\/\/www.oparanews.com.br\/index.php\/2021\/07\/08\/manoel-messias-e-empossado-secretario-de-abastecimento-e-desenvolvimento-agricola-de-penedo\/","title":{"rendered":"Manoel Messias \u00e9 empossado Secret\u00e1rio de Abastecimento e Desenvolvimento Agr\u00edcola de Penedo"},"content":{"rendered":"<p>O \u00eaxito do trabalho desenvolvido por Manoel Messias Lima \u00e0 frente da Secretaria de Desenvolvimento e Abastecimento Agr\u00edcola de Penedo, durante o segundo mandato do governo Marcius Beltr\u00e3o\/Ronaldo Lopes, o reconduziu ao cargo.<\/p>\n<p>A justificativa para a defini\u00e7\u00e3o do gestor da Semada foi apresentada pelo Prefeito Ronaldo Lopes durante a solenidade de posse realizada na tarde desta quarta-feira, 07.<\/p>\n<p>O ato que oficializa a volta de Manoel Messias \u00e0 pasta foi realizado no audit\u00f3rio da Casa de Aposentadoria, com presen\u00e7a de demais representantes do primeiro escal\u00e3o do governo Crescendo Com Seu Povo, servidores da Semada, vereadores e familiares do gestor.<\/p>\n<p>Manoel Messias (ou Messias da Fil\u00f3, como \u00e9 conhecido na cidade) fez um resumo de sua primeira gest\u00e3o na Semada, enaltecendo o apoio que recebeu do governo Marcius Beltr\u00e3o\/Ronaldo Lopes para colocar em pr\u00e1tica o que cobrava, como vereador, para o desenvolvimento do munic\u00edpio por meio da agricultura.<\/p>\n<p>Com muita dedica\u00e7\u00e3o pessoal e empenho da equipe da Secretaria de Desenvolvimento Agr\u00edcola, o agricultor penedense passou a produzir e comercializar alimentos que eram importados de outros munic\u00edpios.<\/p>\n<p>Mais adiante e por meio de associa\u00e7\u00f5es, pequenos produtores rurais tornarem-se aptos a fornecer itens que t\u00eam compra garantida por meio do PNAE e PAA, programas que colocam comida de qualidade na merenda escolar \u2013 adquirida no munic\u00edpio onde \u00e9 produzida \u2013 e tamb\u00e9m atendem entidades de assist\u00eancia social.<\/p>\n<p>O resultado da assist\u00eancia gera em benef\u00edcios para todos. Esta ano, pela primeira vez na hist\u00f3ria do munic\u00edpio, a Prefeitura de Penedo investe mais de 50% de recursos destinados \u00e0 merenda escolar comprando da agricultura familiar.<\/p>\n<p>Ao promover pol\u00edticas p\u00fablicas com responsabilidade e focadas na zona rural, a agricultura familiar cresceu ao ponto de ter sua pr\u00f3pria feira, realizada semanalmente. Agora, a meta \u00e9 ampliar a assist\u00eancia da Prefeitura de Penedo para gerar mais emprego e renda.<\/p>\n<p><strong>Semada Penedo amplia inclus\u00e3o na Feira da Agricultura Familiar<\/strong><\/p>\n<p>\u201cO chamado chegou e eu n\u00e3o pude me furtar\u201d, disse Messias, dirigindo-se a Ronaldo Lopes em seu discurso. \u201cCom a gra\u00e7a de Deus, a sua confian\u00e7a, de todo o secretariado, dos vereadores e de toda a comunidade, a gente possa fazer o desenvolvimento que Penedo precisa\u201d, enfatizou, destacando inclusive a\u00e7\u00f5es de outros setores da gest\u00e3o Crescendo Com Seu Povo na zona rural, de forma direta e cont\u00ednua.<\/p>\n<p>Em seu pronunciamento, o Prefeito de Penedo agradeceu a Pedro Felipe Queiroz pelo trabalho de continuidade que desenvolveu na Semada durante o primeiro semestre deste ano e ressaltou a qualifica\u00e7\u00e3o de Manoel Messias.<\/p>\n<p>\u201cEu tenho certeza que voc\u00ea vai fazer um grande trabalho na secretaria. N\u00f3s assumimos um compromisso muito forte com as pessoas da zona rural, com os agricultores e trazendo a sua experi\u00eancia na Embrapa, na C\u00e2mara de Vereadores e na pr\u00f3pria secretaria, eu n\u00e3o tenho a menor d\u00favida que trouxemos o melhor nome para ser o secret\u00e1rio de agricultura desta gest\u00e3o\u201d, afirmou Ronaldo Lopes.<\/p>\n<p>&nbsp;<\/p>\n<p><strong>por \u2013 Fernando Vinicius<\/strong><\/p>\n","protected":false},"excerpt":{"rendered":"<p>O \u00eaxito do trabalho desenvolvido por Manoel Messias Lima \u00e0 frente da Secretaria de Desenvolvimento e Abastecimento Agr\u00edcola de Penedo, durante o segundo mandato do governo Marcius Beltr\u00e3o\/Ronaldo Lopes, o reconduziu ao cargo. A justificativa para a defini\u00e7\u00e3o do gestor da Semada foi apresentada pelo Prefeito Ronaldo Lopes durante a solenidade de posse realizada na &hellip;<\/p>\n","protected":false},"author":1,"featured_media":17263,"comment_status":"closed","ping_status":"closed","sticky":false,"template":"","format":"standard","meta":{"_jetpack_newsletter_access":"","_jetpack_dont_email_post_to_subs":false,"_jetpack_newsletter_tier_id":0,"_jetpack_memberships_contains_paywalled_content":false,"_jetpack_memberships_contains_paid_content":false,"footnotes":""},"categories":[1],"tags":[],"class_list":["post-17262","post","type-post","status-publish","format-standard","has-post-thumbnail","hentry","category-destaque"],"jetpack_sharing_enabled":true,"jetpack_featured_media_url":"","_links":{"self":[{"href":"https:\/\/www.oparanews.com.br\/index.php\/wp-json\/wp\/v2\/posts\/17262","targetHints":{"allow":["GET"]}}],"collection":[{"href":"https:\/\/www.oparanews.com.br\/index.php\/wp-json\/wp\/v2\/posts"}],"about":[{"href":"https:\/\/www.oparanews.com.br\/index.php\/wp-json\/wp\/v2\/types\/post"}],"author":[{"embeddable":true,"href":"https:\/\/www.oparanews.com.br\/index.php\/wp-json\/wp\/v2\/users\/1"}],"replies":[{"embeddable":true,"href":"https:\/\/www.oparanews.com.br\/index.php\/wp-json\/wp\/v2\/comments?post=17262"}],"version-history":[{"count":0,"href":"https:\/\/www.oparanews.com.br\/index.php\/wp-json\/wp\/v2\/posts\/17262\/revisions"}],"wp:attachment":[{"href":"https:\/\/www.oparanews.com.br\/index.php\/wp-json\/wp\/v2\/media?parent=17262"}],"wp:term":[{"taxonomy":"category","embeddable":true,"href":"https:\/\/www.oparanews.com.br\/index.php\/wp-json\/wp\/v2\/categories?post=17262"},{"taxonomy":"post_tag","embeddable":true,"href":"https:\/\/www.oparanews.com.br\/index.php\/wp-json\/wp\/v2\/tags?post=17262"}],"curies":[{"name":"wp","href":"https:\/\/api.w.org\/{rel}","templated":true}]}}