{"id":17265,"date":"2021-07-08T00:46:11","date_gmt":"2021-07-08T00:46:11","guid":{"rendered":"https:\/\/oparanews.com.br\/?p=17265"},"modified":"2021-07-08T00:46:11","modified_gmt":"2021-07-08T00:46:11","slug":"inscricao-para-estagio-na-prefeitura-de-penedo-termina-na-sexta-feira-09","status":"publish","type":"post","link":"https:\/\/www.oparanews.com.br\/index.php\/2021\/07\/08\/inscricao-para-estagio-na-prefeitura-de-penedo-termina-na-sexta-feira-09\/","title":{"rendered":"Inscri\u00e7\u00e3o para est\u00e1gio na Prefeitura de Penedo termina na sexta-feira, 09"},"content":{"rendered":"<p>O programa de est\u00e1gio para universit\u00e1rios e estudantes do IFAL lan\u00e7ado pela Prefeitura de Penedo encerra o per\u00edodo de inscri\u00e7\u00e3o na pr\u00f3xima sexta-feira, 09 de julho.<\/p>\n<p>De acordo com o Secret\u00e1rio Municipal de Desenvolvimento Econ\u00f4mico e Turismo, Pedro Soares, 238 curr\u00edculos de alunos e alunas de cursos de n\u00edvel superior e do ensino m\u00e9dio feito em paralelo com carreira profissional foram enviados at\u00e9 hoje (quarta-feira, 07).<\/p>\n<p>A inser\u00e7\u00e3o de universit\u00e1rios e de estudantes do IFAL no servi\u00e7o p\u00fablico municipal \u00e9 uma iniciativa da gest\u00e3o Crescendo Com Seu Povo e se dar\u00e1 conforme a demanda de cada setor da Prefeitura de Penedo.<\/p>\n<p>A sele\u00e7\u00e3o \u00e9 orientada pela an\u00e1lise curricular dos inscritos e formalizada por meio de contrato, com remunera\u00e7\u00e3o de meio sal\u00e1rio m\u00ednimo e possibilidade de renova\u00e7\u00e3o.<\/p>\n<p>As vagas est\u00e3o dispon\u00edveis para quem cursa Administra\u00e7\u00e3o ou Direito na Faculdade Raimundo Marinho (FRM) e tamb\u00e9m para matriculados em Turismo, Engenharia de Produ\u00e7\u00e3o, Engenharia de Pesca, Tecnologia da Informa\u00e7\u00e3o e Biologia, todos ofertados pela Universidade Federal de Alagoas (UFAL) em Penedo.<\/p>\n<p>Ainda d\u00e1 tempo de fazer sua inscri\u00e7\u00e3o no programa de est\u00e1gios da Prefeitura de Penedo. Basta enviar seu curr\u00edculo para o e-mail: sedetur@penedo.al.gov.br<\/p>\n<p>&nbsp;<\/p>\n<p><strong>por Fernando Vin\u00edcius \u2013 Decom PMP<\/strong><\/p>\n<p>&nbsp;<\/p>\n","protected":false},"excerpt":{"rendered":"<p>O programa de est\u00e1gio para universit\u00e1rios e estudantes do IFAL lan\u00e7ado pela Prefeitura de Penedo encerra o per\u00edodo de inscri\u00e7\u00e3o na pr\u00f3xima sexta-feira, 09 de julho. De acordo com o Secret\u00e1rio Municipal de Desenvolvimento Econ\u00f4mico e Turismo, Pedro Soares, 238 curr\u00edculos de alunos e alunas de cursos de n\u00edvel superior e do ensino m\u00e9dio feito &hellip;<\/p>\n","protected":false},"author":1,"featured_media":17266,"comment_status":"closed","ping_status":"closed","sticky":false,"template":"","format":"standard","meta":{"_jetpack_newsletter_access":"","_jetpack_dont_email_post_to_subs":false,"_jetpack_newsletter_tier_id":0,"_jetpack_memberships_contains_paywalled_content":false,"_jetpack_memberships_contains_paid_content":false,"footnotes":""},"categories":[1],"tags":[],"class_list":["post-17265","post","type-post","status-publish","format-standard","has-post-thumbnail","hentry","category-destaque"],"jetpack_sharing_enabled":true,"jetpack_featured_media_url":"","_links":{"self":[{"href":"https:\/\/www.oparanews.com.br\/index.php\/wp-json\/wp\/v2\/posts\/17265","targetHints":{"allow":["GET"]}}],"collection":[{"href":"https:\/\/www.oparanews.com.br\/index.php\/wp-json\/wp\/v2\/posts"}],"about":[{"href":"https:\/\/www.oparanews.com.br\/index.php\/wp-json\/wp\/v2\/types\/post"}],"author":[{"embeddable":true,"href":"https:\/\/www.oparanews.com.br\/index.php\/wp-json\/wp\/v2\/users\/1"}],"replies":[{"embeddable":true,"href":"https:\/\/www.oparanews.com.br\/index.php\/wp-json\/wp\/v2\/comments?post=17265"}],"version-history":[{"count":0,"href":"https:\/\/www.oparanews.com.br\/index.php\/wp-json\/wp\/v2\/posts\/17265\/revisions"}],"wp:attachment":[{"href":"https:\/\/www.oparanews.com.br\/index.php\/wp-json\/wp\/v2\/media?parent=17265"}],"wp:term":[{"taxonomy":"category","embeddable":true,"href":"https:\/\/www.oparanews.com.br\/index.php\/wp-json\/wp\/v2\/categories?post=17265"},{"taxonomy":"post_tag","embeddable":true,"href":"https:\/\/www.oparanews.com.br\/index.php\/wp-json\/wp\/v2\/tags?post=17265"}],"curies":[{"name":"wp","href":"https:\/\/api.w.org\/{rel}","templated":true}]}}