{"id":17279,"date":"2021-07-08T16:11:12","date_gmt":"2021-07-08T16:11:12","guid":{"rendered":"https:\/\/oparanews.com.br\/?p=17279"},"modified":"2021-07-08T16:11:12","modified_gmt":"2021-07-08T16:11:12","slug":"5-estados-antecipam-2a-dose-da-vacina-da-astrazeneca","status":"publish","type":"post","link":"https:\/\/www.oparanews.com.br\/index.php\/2021\/07\/08\/5-estados-antecipam-2a-dose-da-vacina-da-astrazeneca\/","title":{"rendered":"5 Estados antecipam 2\u00aa dose da vacina da AstraZeneca"},"content":{"rendered":"<p>Esp\u00edrito Santo, Maranh\u00e3o, Mato Grosso do Sul, Pernambuco e Santa Catarina decidiram antecipar a aplica\u00e7\u00e3o da 2\u00aa dose da vacina contra a covid-19 da AstraZeneca. Os principais motivos s\u00e3o aumentar a parcela da popula\u00e7\u00e3o totalmente imunizada e evitar ultrapassar o prazo m\u00e1ximo de 12 semanas entre as doses, diante das dificuldades de entregas federais. A variante Delta, mais transmiss\u00edvel, tamb\u00e9m preocupa as autoridades.<\/p>\n<p>Em S\u00e3o Paulo, especialistas do Centro de Contin\u00eancia Contra a Covid-19 do Estado devem se reunir na quinta-feira, 8, para debater a redu\u00e7\u00e3o do intervalo. Em coletiva de imprensa nesta quarta, o governo demonstrou preocupa\u00e7\u00e3o com a nova variante, que j\u00e1 circula no Estado.<\/p>\n<p>Em Santa Catarina, o intervalo entre as doses de AstraZeneca foi encurtado para dez semanas. A Secretaria da Sa\u00fade afirmou que a medida tem como objetivo organizar o processo de vacina\u00e7\u00e3o e evitar o atraso da 2\u00aa dose. O prazo m\u00e1ximo entre as aplica\u00e7\u00f5es, segundo o Minist\u00e9rio da Sa\u00fade, \u00e9 de 12 semanas.<\/p>\n<p>Carlos Alberto Justo da Silva, secret\u00e1rio de Sa\u00fade de Florian\u00f3polis, disse estudar como ser\u00e1 a antecipa\u00e7\u00e3o da 2\u00aa dose. &#8220;A gente esperava os tr\u00eas meses porque n\u00e3o tinha vacina suficiente e a efic\u00e1cia era a mesma. Se tiver vacina dispon\u00edvel para reduzir o tempo de espera, faremos isso&#8221;, disse.<\/p>\n<p>A cidade est\u00e1 vacinando a popula\u00e7\u00e3o com 40 anos ou mais e, segundo ele, a cobertura vacinal nas categorias j\u00e1 contempladas est\u00e1 em 90%. &#8220;Florian\u00f3polis n\u00e3o tem vacina na prateleira. Estamos mostrando que a cidade d\u00e1 conta de vacinar em um ritmo ainda maior&#8221;, falou. De acordo com Silva, o munic\u00edpio est\u00e1 aguardando a informa\u00e7\u00e3o de quantas vacinas receber\u00e1 do Estado para definir em quantas semanas ser\u00e1 antecipada a segunda dose.<\/p>\n<p>No Mato Grosso do Sul, o prazo entre a 1\u00aa e a 2\u00aa dose foi encurtado para oito semanas (56 dias). A medida se aplica \u00e0s vacinas da AstraZeneca e Pfizer. O secret\u00e1rio municipal de Sa\u00fade, Jos\u00e9 Mauro Filho, explicou que o principal objetivo \u00e9 evitar o atraso da 2\u00aa dose. Ele teme haver um desabastecimento da vacina da AstraZeneca nos pr\u00f3ximos meses.<\/p>\n<p>Mauro Filho cobra mais orienta\u00e7\u00f5es do Minist\u00e9rio da Sa\u00fade sobre o assunto. &#8220;Tudo o que a gente faz \u00e9 baseado em estudos internacionais. N\u00e3o temos uma orienta\u00e7\u00e3o do governo federal. O Minist\u00e9rio da Sa\u00fade precisa se posicionar&#8221;, fala. Goi\u00e1s informou que est\u00e1 antecipando a segunda dose &#8220;em alguns dias&#8221;. J\u00e1 o Maranh\u00e3o autorizou aplicar a 2\u00aa dose da AstraZeneca oito semanas ap\u00f3s a 1\u00aa. A antecipa\u00e7\u00e3o \u00e9 v\u00e1lida para cidades que receberam lotes com a validade curta.<\/p>\n<p>O Esp\u00edrito Santo recomenda que os profissionais de sa\u00fade anotem na carteirinha de vacina\u00e7\u00e3o da popula\u00e7\u00e3o o prazo de 12 semanas (84 dias), mas permite que a 2\u00aa dose seja antecipada e aplicada dez semanas ap\u00f3s a primeira (70 dias). &#8220;As vacinas devem ser aplicadas no menor espa\u00e7o de tempo poss\u00edvel a partir do momento em que elas chegam&#8221;, defendeu na segunda-feira, 5, o secret\u00e1rio de Sa\u00fade N\u00e9sio Fernandes de Medeiros J\u00fanior.<\/p>\n<p>A quest\u00e3o, por\u00e9m, envolveu at\u00e9 o Minist\u00e9rio P\u00fablico, que notificou o governo capixaba sobre poss\u00edveis responsabiliza\u00e7\u00f5es ao descumprir o prazo de tr\u00eas meses. A popula\u00e7\u00e3o fica perdida diante da quantidade de informa\u00e7\u00f5es. A aut\u00f4noma Luciana Possati tomou a 1\u00aa dose em 14 de maio. A 2\u00aa seria em agosto, mas agora ela est\u00e1 confusa. &#8220;N\u00e3o sei quando irei tomar a outra dose.&#8221;<\/p>\n<p>Em Pernambuco, o Estado autorizou que os munic\u00edpios apliquem a 2\u00aa dose da vacina entre 60 e 90 dias ap\u00f3s a primeira. Em boletim epidemiol\u00f3gico divulgado nesta semana, o governo disse que a discuss\u00e3o foi levantada ap\u00f3s o Minist\u00e9rio da Sa\u00fade antecipar em quase um m\u00eas o envio de doses destinadas a completar o esquema de imuniza\u00e7\u00e3o. O Estado orienta que cada cidade organize o calend\u00e1rio de acordo com seu estoque &#8211; Recife, por exemplo, reduziu para 60 dias.<\/p>\n<p>Em nota, o Minist\u00e9rio da Sa\u00fade disse que acompanha todos os estudos sobre as vacinas contra a covid-19 e qualquer modifica\u00e7\u00e3o deve ser discutida na C\u00e2mara T\u00e9cnica Assessora em Imuniza\u00e7\u00e3o e Doen\u00e7as Transmiss\u00edveis. O intervalo entre doses para a vacina AstraZeneca permanece, diz o texto, o mesmo disposto em bula e orientado pelo fabricante, &#8220;de 12 semanas&#8221;.<\/p>\n<p><strong>Surgimento de variantes preocupam<\/strong><\/p>\n<p>O medo que o Estado de S\u00e3o Paulo tem da variante Delta se repete em outros Estados e at\u00e9 fora do Brasil. O secret\u00e1rio de Sa\u00fade de Florian\u00f3polis diz que um dos motivos para antecipar a segunda dose \u00e9 ter mais pessoas protegidas para enfrentar a chegada de novas cepas. &#8220;Quem n\u00e3o est\u00e1 preocupado com isso est\u00e1 louco&#8221;, diz.<\/p>\n<p>O titular da Secretaria de Sa\u00fade de Campo Grande tamb\u00e9m est\u00e1 preocupado com a dissemina\u00e7\u00e3o de variantes. &#8220;A segunda dose d\u00e1 uma cobertura maior, ent\u00e3o temos que completar a imuniza\u00e7\u00e3o o quanto antes&#8221;, fala. Mauro Filho afirma que a aplica\u00e7\u00e3o da segunda dose est\u00e1 sendo intensificada na cidade e a diferen\u00e7a percentual de vacinados com a primeira e a segunda dose est\u00e1 diminuindo.<\/p>\n<p>Na Europa, o Reino Unido est\u00e1 vendo os casos relacionados \u00e0 variante Delta dispararem, especialmente entre os mais jovens que ainda n\u00e3o est\u00e3o totalmente vacinados. Para controlar o novo surto, o pa\u00eds antecipou a aplica\u00e7\u00e3o da segunda dose das vacinas da AstraZeneca, Pfizer e Moderna. Agora, todos os adultos podem receber o refor\u00e7o oito semanas ap\u00f3s a primeira dose. O prazo anterior era de 12 semanas.<\/p>\n<p>A Fran\u00e7a tamb\u00e9m decidiu diminuir o intervalo m\u00ednimo entre as doses da vacina para tr\u00eas semanas. A decis\u00e3o se aplica aos imunizantes da Pfizer e Moderna. Prov\u00edncias do Canad\u00e1 tomaram a mesma decis\u00e3o de reduzir o tempo entre as doses. A preocupa\u00e7\u00e3o dos dois pa\u00edses tamb\u00e9m gira em torno da variante Delta. \/ COLABOROU VIN\u00cdCIUS RANGEL, ESPECIAL PARA O ESTAD\u00c3O<\/p>\n<p>&nbsp;<\/p>\n<p><strong>Fonte: Terra<\/strong><\/p>\n<p>&nbsp;<\/p>\n","protected":false},"excerpt":{"rendered":"<p>Esp\u00edrito Santo, Maranh\u00e3o, Mato Grosso do Sul, Pernambuco e Santa Catarina decidiram antecipar a aplica\u00e7\u00e3o da 2\u00aa dose da vacina contra a covid-19 da AstraZeneca. Os principais motivos s\u00e3o aumentar a parcela da popula\u00e7\u00e3o totalmente imunizada e evitar ultrapassar o prazo m\u00e1ximo de 12 semanas entre as doses, diante das dificuldades de entregas federais. A &hellip;<\/p>\n","protected":false},"author":1,"featured_media":17280,"comment_status":"closed","ping_status":"closed","sticky":false,"template":"","format":"standard","meta":{"_jetpack_newsletter_access":"","_jetpack_dont_email_post_to_subs":false,"_jetpack_newsletter_tier_id":0,"_jetpack_memberships_contains_paywalled_content":false,"_jetpack_memberships_contains_paid_content":false,"footnotes":""},"categories":[1],"tags":[],"class_list":["post-17279","post","type-post","status-publish","format-standard","has-post-thumbnail","hentry","category-destaque"],"jetpack_sharing_enabled":true,"jetpack_featured_media_url":"","_links":{"self":[{"href":"https:\/\/www.oparanews.com.br\/index.php\/wp-json\/wp\/v2\/posts\/17279","targetHints":{"allow":["GET"]}}],"collection":[{"href":"https:\/\/www.oparanews.com.br\/index.php\/wp-json\/wp\/v2\/posts"}],"about":[{"href":"https:\/\/www.oparanews.com.br\/index.php\/wp-json\/wp\/v2\/types\/post"}],"author":[{"embeddable":true,"href":"https:\/\/www.oparanews.com.br\/index.php\/wp-json\/wp\/v2\/users\/1"}],"replies":[{"embeddable":true,"href":"https:\/\/www.oparanews.com.br\/index.php\/wp-json\/wp\/v2\/comments?post=17279"}],"version-history":[{"count":0,"href":"https:\/\/www.oparanews.com.br\/index.php\/wp-json\/wp\/v2\/posts\/17279\/revisions"}],"wp:attachment":[{"href":"https:\/\/www.oparanews.com.br\/index.php\/wp-json\/wp\/v2\/media?parent=17279"}],"wp:term":[{"taxonomy":"category","embeddable":true,"href":"https:\/\/www.oparanews.com.br\/index.php\/wp-json\/wp\/v2\/categories?post=17279"},{"taxonomy":"post_tag","embeddable":true,"href":"https:\/\/www.oparanews.com.br\/index.php\/wp-json\/wp\/v2\/tags?post=17279"}],"curies":[{"name":"wp","href":"https:\/\/api.w.org\/{rel}","templated":true}]}}