{"id":17282,"date":"2021-07-08T16:12:19","date_gmt":"2021-07-08T16:12:19","guid":{"rendered":"https:\/\/oparanews.com.br\/?p=17282"},"modified":"2021-07-08T16:12:19","modified_gmt":"2021-07-08T16:12:19","slug":"penedo-inicia-vacina-contra-covid-para-pessoas-com-35-e-34-anos","status":"publish","type":"post","link":"https:\/\/www.oparanews.com.br\/index.php\/2021\/07\/08\/penedo-inicia-vacina-contra-covid-para-pessoas-com-35-e-34-anos\/","title":{"rendered":"Penedo inicia vacina contra Covid para pessoas com 35 e 34 anos"},"content":{"rendered":"<p>A Secretaria Municipal de Sa\u00fade de Penedo inicia nesta quinta-feira, 08, a vacina\u00e7\u00e3o contra Covid-19 em pessoas com 35 anos, baixando a faixa et\u00e1ria da imuniza\u00e7\u00e3o em massa para 34 anos a partir de amanh\u00e3.<\/p>\n<p>O trabalho desenvolvido pela Prefeitura de Penedo tem praticamente 98% de aproveitamento das doses que recebe para aplicar nos moradores do munic\u00edpio que tem o melhor percentual entre todos de Alagoas com mais de dez mil habitantes.<\/p>\n<p>A assist\u00eancia da gest\u00e3o Crescendo Com Seu Povo alcan\u00e7a mais de 1\/3 da popula\u00e7\u00e3o imunizada com a primeira dose, 23.717 pessoas adultas vacinadas at\u00e9 esta quarta-feira, 08. Ao todo, somando 1\u00aa e 2\u00aa dose, 31.468 doses foram administradas na popula\u00e7\u00e3o penedense<\/p>\n<p>Para quem chegou o dia de concluir o processo de imuniza\u00e7\u00e3o contra o coronav\u00edrus ou perdeu a data de receber a segunda dose, a Central de Vacina\u00e7\u00e3o contra Covid tamb\u00e9m est\u00e1 atendendo esse p\u00fablico.<\/p>\n<p>&nbsp;<\/p>\n<p><strong>por Fernando Vin\u00edcius \u2013 Decom PMP<\/strong><\/p>\n<p>&nbsp;<\/p>\n","protected":false},"excerpt":{"rendered":"<p>A Secretaria Municipal de Sa\u00fade de Penedo inicia nesta quinta-feira, 08, a vacina\u00e7\u00e3o contra Covid-19 em pessoas com 35 anos, baixando a faixa et\u00e1ria da imuniza\u00e7\u00e3o em massa para 34 anos a partir de amanh\u00e3. O trabalho desenvolvido pela Prefeitura de Penedo tem praticamente 98% de aproveitamento das doses que recebe para aplicar nos moradores &hellip;<\/p>\n","protected":false},"author":1,"featured_media":17283,"comment_status":"closed","ping_status":"closed","sticky":false,"template":"","format":"standard","meta":{"_jetpack_newsletter_access":"","_jetpack_dont_email_post_to_subs":false,"_jetpack_newsletter_tier_id":0,"_jetpack_memberships_contains_paywalled_content":false,"_jetpack_memberships_contains_paid_content":false,"footnotes":""},"categories":[1],"tags":[],"class_list":["post-17282","post","type-post","status-publish","format-standard","has-post-thumbnail","hentry","category-destaque"],"jetpack_sharing_enabled":true,"jetpack_featured_media_url":"","_links":{"self":[{"href":"https:\/\/www.oparanews.com.br\/index.php\/wp-json\/wp\/v2\/posts\/17282","targetHints":{"allow":["GET"]}}],"collection":[{"href":"https:\/\/www.oparanews.com.br\/index.php\/wp-json\/wp\/v2\/posts"}],"about":[{"href":"https:\/\/www.oparanews.com.br\/index.php\/wp-json\/wp\/v2\/types\/post"}],"author":[{"embeddable":true,"href":"https:\/\/www.oparanews.com.br\/index.php\/wp-json\/wp\/v2\/users\/1"}],"replies":[{"embeddable":true,"href":"https:\/\/www.oparanews.com.br\/index.php\/wp-json\/wp\/v2\/comments?post=17282"}],"version-history":[{"count":0,"href":"https:\/\/www.oparanews.com.br\/index.php\/wp-json\/wp\/v2\/posts\/17282\/revisions"}],"wp:attachment":[{"href":"https:\/\/www.oparanews.com.br\/index.php\/wp-json\/wp\/v2\/media?parent=17282"}],"wp:term":[{"taxonomy":"category","embeddable":true,"href":"https:\/\/www.oparanews.com.br\/index.php\/wp-json\/wp\/v2\/categories?post=17282"},{"taxonomy":"post_tag","embeddable":true,"href":"https:\/\/www.oparanews.com.br\/index.php\/wp-json\/wp\/v2\/tags?post=17282"}],"curies":[{"name":"wp","href":"https:\/\/api.w.org\/{rel}","templated":true}]}}