{"id":17285,"date":"2021-07-08T16:15:06","date_gmt":"2021-07-08T16:15:06","guid":{"rendered":"https:\/\/oparanews.com.br\/?p=17285"},"modified":"2021-07-08T16:15:06","modified_gmt":"2021-07-08T16:15:06","slug":"penedo-ultrapassa-meta-de-inscricoes-para-o-programa-cria","status":"publish","type":"post","link":"https:\/\/www.oparanews.com.br\/index.php\/2021\/07\/08\/penedo-ultrapassa-meta-de-inscricoes-para-o-programa-cria\/","title":{"rendered":"Penedo ultrapassa meta de inscri\u00e7\u00f5es para o Programa CRIA"},"content":{"rendered":"<p>A inclus\u00e3o de benefici\u00e1rias no Programa Crian\u00e7a Alagoana (CRIA) em Penedo ultrapassou a meta estipulada pela Secretaria de Estado da Assist\u00eancia e Desenvolvimento Social (Seades).<\/p>\n<p>At\u00e9 agosto, a Prefeitura de Penedo deveria ter pelo menos dois mil cadastros no programa lan\u00e7ado pelo Governador Renan Filho no final do m\u00eas de janeiro deste ano.<\/p>\n<p>A meta estabelecida pela Seades n\u00e3o foi s\u00f3 cumprida antes do prazo previsto, como tamb\u00e9m foi superada em larga escala, gra\u00e7as ao empenho da Secretaria Municipal de Desenvolvimento Social e Habita\u00e7\u00e3o (Semdsh).<\/p>\n<p>Penedo atinge a marca de tr\u00eas mil fam\u00edlias cadastradas no CRIA<\/p>\n<p>O Programa Crian\u00e7a Alagoana distribui cem reais por m\u00eas para fam\u00edlias em situa\u00e7\u00e3o de vulnerabilidade social inscritas no Cadastro \u00danico.<\/p>\n<p>\u201cRecebemos elogios da Secret\u00e1ria Fabiana Pessoa durante agenda de trabalho que tivemos na Seades, nessa ter\u00e7a-feira, (06 de julho)\u201d, informa o Secret\u00e1rio Rafael Ferreira, gestor da Semdsh.<\/p>\n<p>\u201cN\u00f3s seguimos a orienta\u00e7\u00e3o do Prefeito Ronaldo Lopes e vamos at\u00e9 as pessoas que mais precisam, descentralizando o atendimento ao p\u00fablico em nosso CRAS, no CREAS e no Servi\u00e7o de Conviv\u00eancia e Fortalecimento de V\u00ednculos e realizando busca ativa nos bairros mais carentes e tamb\u00e9m na zona rural\u201d, explica Rafael Ferreira sobre o \u00eaxito do trabalho.<\/p>\n<p>Penedo pode ter cerca de cinco mil fam\u00edlias atendidas no CRIA e o pr\u00f3ximo passo \u00e9 a identifica\u00e7\u00e3o de fam\u00edlias que se enquadram no perfil do programa e benef\u00edcios como Tarifa Social e Bolsa Fam\u00edlia com o refinamento da busca ativa, por meio de visita domiciliar.<\/p>\n<p>&nbsp;<\/p>\n<p><strong>por Fernando Vin\u00edcius \u2013 Decom PMP<\/strong><\/p>\n<p>&nbsp;<\/p>\n","protected":false},"excerpt":{"rendered":"<p>A inclus\u00e3o de benefici\u00e1rias no Programa Crian\u00e7a Alagoana (CRIA) em Penedo ultrapassou a meta estipulada pela Secretaria de Estado da Assist\u00eancia e Desenvolvimento Social (Seades). At\u00e9 agosto, a Prefeitura de Penedo deveria ter pelo menos dois mil cadastros no programa lan\u00e7ado pelo Governador Renan Filho no final do m\u00eas de janeiro deste ano. A meta &hellip;<\/p>\n","protected":false},"author":1,"featured_media":17286,"comment_status":"closed","ping_status":"closed","sticky":false,"template":"","format":"standard","meta":{"_jetpack_newsletter_access":"","_jetpack_dont_email_post_to_subs":false,"_jetpack_newsletter_tier_id":0,"_jetpack_memberships_contains_paywalled_content":false,"_jetpack_memberships_contains_paid_content":false,"footnotes":""},"categories":[1],"tags":[],"class_list":["post-17285","post","type-post","status-publish","format-standard","has-post-thumbnail","hentry","category-destaque"],"jetpack_sharing_enabled":true,"jetpack_featured_media_url":"","_links":{"self":[{"href":"https:\/\/www.oparanews.com.br\/index.php\/wp-json\/wp\/v2\/posts\/17285","targetHints":{"allow":["GET"]}}],"collection":[{"href":"https:\/\/www.oparanews.com.br\/index.php\/wp-json\/wp\/v2\/posts"}],"about":[{"href":"https:\/\/www.oparanews.com.br\/index.php\/wp-json\/wp\/v2\/types\/post"}],"author":[{"embeddable":true,"href":"https:\/\/www.oparanews.com.br\/index.php\/wp-json\/wp\/v2\/users\/1"}],"replies":[{"embeddable":true,"href":"https:\/\/www.oparanews.com.br\/index.php\/wp-json\/wp\/v2\/comments?post=17285"}],"version-history":[{"count":0,"href":"https:\/\/www.oparanews.com.br\/index.php\/wp-json\/wp\/v2\/posts\/17285\/revisions"}],"wp:attachment":[{"href":"https:\/\/www.oparanews.com.br\/index.php\/wp-json\/wp\/v2\/media?parent=17285"}],"wp:term":[{"taxonomy":"category","embeddable":true,"href":"https:\/\/www.oparanews.com.br\/index.php\/wp-json\/wp\/v2\/categories?post=17285"},{"taxonomy":"post_tag","embeddable":true,"href":"https:\/\/www.oparanews.com.br\/index.php\/wp-json\/wp\/v2\/tags?post=17285"}],"curies":[{"name":"wp","href":"https:\/\/api.w.org\/{rel}","templated":true}]}}