{"id":17288,"date":"2021-07-08T23:14:11","date_gmt":"2021-07-08T23:14:11","guid":{"rendered":"https:\/\/oparanews.com.br\/?p=17288"},"modified":"2021-07-08T23:14:11","modified_gmt":"2021-07-08T23:14:11","slug":"alagoas-avanca-para-fase-laranja-reabre-cinemas-e-autoriza-eventos","status":"publish","type":"post","link":"https:\/\/www.oparanews.com.br\/index.php\/2021\/07\/08\/alagoas-avanca-para-fase-laranja-reabre-cinemas-e-autoriza-eventos\/","title":{"rendered":"Alagoas avan\u00e7a para fase laranja, reabre cinemas e autoriza eventos"},"content":{"rendered":"<p>A renova\u00e7\u00e3o do decreto de enfrentamento \u00e0 pandemia, anunciada nesta quinta-feira (8) pelo Governo de Alagoas, traz novas medidas de flexibiliza\u00e7\u00e3o para o setor produtivo, como a amplia\u00e7\u00e3o no hor\u00e1rio de funcionamento de bares e restaurantes para as 22h, a permiss\u00e3o para abertura de cinemas, teatros, museus, circos e parques tem\u00e1ticos e a libera\u00e7\u00e3o para realiza\u00e7\u00e3o de eventos sem venda de ingressos.<\/p>\n<p>O novo decreto tem in\u00edcio a partir da 0h desta sexta-feira (9), com vig\u00eancia at\u00e9 o pr\u00f3ximo dia 22 de julho. A partir da data inicial, todo o estado passa para a Fase Laranja do Plano de Distanciamento Social Controlado.<\/p>\n<p>No caso de teatros, museus, parques tem\u00e1ticos, circos e cinemas, a autoriza\u00e7\u00e3o estabelece funcionamento com 30% (trinta por cento) de sua capacidade, seguindo os protocolos sanit\u00e1rios.<\/p>\n<p>J\u00e1 para a realiza\u00e7\u00e3o de eventos sociais, corporativos e celebra\u00e7\u00f5es, a libera\u00e7\u00e3o passa a valer a partir de 12 de julho, sem venda de ingressos e com as seguintes regras: eventos ao ar livre, limitados a 100 (cem) pessoas, e eventos em locais fechados, limitados a 50 (cinquenta) pessoas.<\/p>\n<p>Por fim, o decreto passa a permitir o funcionamento do transporte intermunicipal e tur\u00edstico com 50% de sua capacidade.<\/p>\n<p>No final da manh\u00e3, o governador Renan Filho antecipou os principais pontos \u00e0 imprensa durante a assinatura da ordem de servi\u00e7o para o in\u00edcio das obras do programa Minha Cidade Linda no munic\u00edpio de Dois Riachos.<\/p>\n<p>\u201cHoje mesmo eu vou atualizar o decreto, flexibilizando mais algumas a\u00e7\u00f5es e o funcionamento de alguns segmentos\u201d, disse o governador, ao lembrar a import\u00e2ncia do uso de m\u00e1scara ao sair de casa e destacar o avan\u00e7o da vacina\u00e7\u00e3o no estado.<\/p>\n<p>&nbsp;<\/p>\n<p><strong>Fonte: Ag\u00eancia Alagoas<\/strong><\/p>\n<p>&nbsp;<\/p>\n","protected":false},"excerpt":{"rendered":"<p>A renova\u00e7\u00e3o do decreto de enfrentamento \u00e0 pandemia, anunciada nesta quinta-feira (8) pelo Governo de Alagoas, traz novas medidas de flexibiliza\u00e7\u00e3o para o setor produtivo, como a amplia\u00e7\u00e3o no hor\u00e1rio de funcionamento de bares e restaurantes para as 22h, a permiss\u00e3o para abertura de cinemas, teatros, museus, circos e parques tem\u00e1ticos e a libera\u00e7\u00e3o para &hellip;<\/p>\n","protected":false},"author":1,"featured_media":17289,"comment_status":"closed","ping_status":"closed","sticky":false,"template":"","format":"standard","meta":{"_jetpack_newsletter_access":"","_jetpack_dont_email_post_to_subs":false,"_jetpack_newsletter_tier_id":0,"_jetpack_memberships_contains_paywalled_content":false,"_jetpack_memberships_contains_paid_content":false,"footnotes":""},"categories":[1],"tags":[],"class_list":["post-17288","post","type-post","status-publish","format-standard","has-post-thumbnail","hentry","category-destaque"],"jetpack_sharing_enabled":true,"jetpack_featured_media_url":"","_links":{"self":[{"href":"https:\/\/www.oparanews.com.br\/index.php\/wp-json\/wp\/v2\/posts\/17288","targetHints":{"allow":["GET"]}}],"collection":[{"href":"https:\/\/www.oparanews.com.br\/index.php\/wp-json\/wp\/v2\/posts"}],"about":[{"href":"https:\/\/www.oparanews.com.br\/index.php\/wp-json\/wp\/v2\/types\/post"}],"author":[{"embeddable":true,"href":"https:\/\/www.oparanews.com.br\/index.php\/wp-json\/wp\/v2\/users\/1"}],"replies":[{"embeddable":true,"href":"https:\/\/www.oparanews.com.br\/index.php\/wp-json\/wp\/v2\/comments?post=17288"}],"version-history":[{"count":0,"href":"https:\/\/www.oparanews.com.br\/index.php\/wp-json\/wp\/v2\/posts\/17288\/revisions"}],"wp:attachment":[{"href":"https:\/\/www.oparanews.com.br\/index.php\/wp-json\/wp\/v2\/media?parent=17288"}],"wp:term":[{"taxonomy":"category","embeddable":true,"href":"https:\/\/www.oparanews.com.br\/index.php\/wp-json\/wp\/v2\/categories?post=17288"},{"taxonomy":"post_tag","embeddable":true,"href":"https:\/\/www.oparanews.com.br\/index.php\/wp-json\/wp\/v2\/tags?post=17288"}],"curies":[{"name":"wp","href":"https:\/\/api.w.org\/{rel}","templated":true}]}}