{"id":17297,"date":"2021-07-09T00:45:37","date_gmt":"2021-07-09T00:45:37","guid":{"rendered":"https:\/\/oparanews.com.br\/?p=17297"},"modified":"2021-07-09T00:45:37","modified_gmt":"2021-07-09T00:45:37","slug":"brasil-ultrapassa-530-mil-mortes-pela-covid-19","status":"publish","type":"post","link":"https:\/\/www.oparanews.com.br\/index.php\/2021\/07\/09\/brasil-ultrapassa-530-mil-mortes-pela-covid-19\/","title":{"rendered":"Brasil ultrapassa 530 mil mortes pela covid-19"},"content":{"rendered":"<p>O Brasil registrou 1.733 novas mortes pela covid-19 nesta quinta-feira, 8, enquanto a m\u00e9dia m\u00f3vel de v\u00edtimas, baseada no total dos \u00faltimo sete dias, continua apresentando tend\u00eancia de queda e se manteve pelo segundo dia consecutivo abaixo do 1,5 mil, em 1.451.<\/p>\n<p>Nesta quinta-feira, o n\u00famero de novas infec\u00e7\u00f5es notificadas foi de 53.824. No total, o Brasil tem 530.344 mortos e 18.962.786 casos da doen\u00e7a, a segunda na\u00e7\u00e3o com maior n\u00famero de \u00f3bitos, atr\u00e1s apenas dos Estados Unidos. Os dados di\u00e1rios do Brasil s\u00e3o do cons\u00f3rcio de ve\u00edculos de imprensa formado por Estad\u00e3o, G1, O Globo, Extra, Folha e UOL em parceria com 27 secretarias estaduais de Sa\u00fade, em balan\u00e7o divulgado \u00e0s 20h. Segundo os n\u00fameros do governo, 17,4 milh\u00f5es de pessoas se recuperaram da doen\u00e7a.<\/p>\n<p>O Estado de S\u00e3o Paulo registrou 543 novas mortes pela covid nesta quinta-feira. Outros tr\u00eas Estados tamb\u00e9m superaram a barreira de 100 \u00f3bitos no dia: Minas Gerais (218), Paran\u00e1 (187) e Rio de Janeiro (177).<\/p>\n<p>O balan\u00e7o de \u00f3bitos e casos \u00e9 resultado da parceria entre os seis meios de comunica\u00e7\u00e3o que passaram a trabalhar, desde 8 de junho do ano passado, de forma colaborativa para reunir as informa\u00e7\u00f5es necess\u00e1rias nos 26 Estados e no Distrito Federal. A iniciativa in\u00e9dita \u00e9 uma resposta \u00e0 decis\u00e3o do governo Bolsonaro de restringir o acesso a dados sobre a pandemia, mas foi mantida ap\u00f3s os registros governamentais continuarem a ser divulgados.<\/p>\n<p>Nesta quinta, o Minist\u00e9rio da Sa\u00fade informou que foram registrados 53.725 novos casos e mais 1.639 mortes pela covid-19 nas \u00faltimas 24 horas. No total, segundo a pasta, s\u00e3o 18.962.762 pessoas infectadas e 530.179 \u00f3bitos. Os n\u00fameros s\u00e3o diferentes do compilado pelo cons\u00f3rcio de ve\u00edculos de imprensa principalmente por causa do hor\u00e1rio de coleta dos dados.<\/p>\n<p>&nbsp;<\/p>\n<p><strong>por Jo\u00e3o Ker &#8211; Estad\u00e3o<\/strong><\/p>\n<p>&nbsp;<\/p>\n","protected":false},"excerpt":{"rendered":"<p>O Brasil registrou 1.733 novas mortes pela covid-19 nesta quinta-feira, 8, enquanto a m\u00e9dia m\u00f3vel de v\u00edtimas, baseada no total dos \u00faltimo sete dias, continua apresentando tend\u00eancia de queda e se manteve pelo segundo dia consecutivo abaixo do 1,5 mil, em 1.451. Nesta quinta-feira, o n\u00famero de novas infec\u00e7\u00f5es notificadas foi de 53.824. No total, &hellip;<\/p>\n","protected":false},"author":1,"featured_media":17298,"comment_status":"closed","ping_status":"closed","sticky":false,"template":"","format":"standard","meta":{"_jetpack_newsletter_access":"","_jetpack_dont_email_post_to_subs":false,"_jetpack_newsletter_tier_id":0,"_jetpack_memberships_contains_paywalled_content":false,"_jetpack_memberships_contains_paid_content":false,"footnotes":""},"categories":[1],"tags":[],"class_list":["post-17297","post","type-post","status-publish","format-standard","has-post-thumbnail","hentry","category-destaque"],"jetpack_sharing_enabled":true,"jetpack_featured_media_url":"","_links":{"self":[{"href":"https:\/\/www.oparanews.com.br\/index.php\/wp-json\/wp\/v2\/posts\/17297","targetHints":{"allow":["GET"]}}],"collection":[{"href":"https:\/\/www.oparanews.com.br\/index.php\/wp-json\/wp\/v2\/posts"}],"about":[{"href":"https:\/\/www.oparanews.com.br\/index.php\/wp-json\/wp\/v2\/types\/post"}],"author":[{"embeddable":true,"href":"https:\/\/www.oparanews.com.br\/index.php\/wp-json\/wp\/v2\/users\/1"}],"replies":[{"embeddable":true,"href":"https:\/\/www.oparanews.com.br\/index.php\/wp-json\/wp\/v2\/comments?post=17297"}],"version-history":[{"count":0,"href":"https:\/\/www.oparanews.com.br\/index.php\/wp-json\/wp\/v2\/posts\/17297\/revisions"}],"wp:attachment":[{"href":"https:\/\/www.oparanews.com.br\/index.php\/wp-json\/wp\/v2\/media?parent=17297"}],"wp:term":[{"taxonomy":"category","embeddable":true,"href":"https:\/\/www.oparanews.com.br\/index.php\/wp-json\/wp\/v2\/categories?post=17297"},{"taxonomy":"post_tag","embeddable":true,"href":"https:\/\/www.oparanews.com.br\/index.php\/wp-json\/wp\/v2\/tags?post=17297"}],"curies":[{"name":"wp","href":"https:\/\/api.w.org\/{rel}","templated":true}]}}